{"id":9205,"date":"2026-04-20T17:24:46","date_gmt":"2026-04-20T15:24:46","guid":{"rendered":"https:\/\/luzgrandhotel.fr\/wiedereroffnung-des-grand-hotel-spa-thalasso\/"},"modified":"2026-09-04T15:35:37","modified_gmt":"2026-09-04T13:35:37","slug":"wiedereroffnung-des-grand-hotel-spa-thalasso","status":"publish","type":"post","link":"https:\/\/luzgrandhotel.fr\/de\/wiedereroffnung-des-grand-hotel-spa-thalasso\/","title":{"rendered":"Wiederer\u00f6ffnung des Grand H\u00f4tel Spa &#038; Thalasso"},"content":{"rendered":"\t\t<div data-elementor-type=\"wp-post\" data-elementor-id=\"9205\" class=\"elementor elementor-9205 elementor-7855\" data-elementor-post-type=\"post\">\n\t\t\t\t<div class=\"elementor-element elementor-element-af9044e e-flex e-con-boxed e-con e-parent\" data-id=\"af9044e\" data-element_type=\"container\" data-e-type=\"container\">\n\t\t\t\t\t<div class=\"e-con-inner\">\n\t\t<div class=\"elementor-element elementor-element-a962c3d e-con-full e-flex e-con e-child\" data-id=\"a962c3d\" data-element_type=\"container\" data-e-type=\"container\">\n\t\t\t\t<div class=\"elementor-element elementor-element-66e1519 elementor-widget elementor-widget-heading\" data-id=\"66e1519\" data-element_type=\"widget\" data-e-type=\"widget\" data-widget_type=\"heading.default\">\n\t\t\t\t\t<h2 class=\"elementor-heading-title elementor-size-default\">Eine legend\u00e4re Adresse in neuem Gewand<\/h2>\t\t\t\t<\/div>\n\t\t\t\t<div class=\"elementor-element elementor-element-52a32e9 elementor-widget elementor-widget-text-editor\" data-id=\"52a32e9\" data-element_type=\"widget\" data-e-type=\"widget\" data-widget_type=\"text-editor.default\">\n\t\t\t\t\t\t\t\t\t<p>Mit Blick auf die Bucht von Saint-Jean-de-Luz schl\u00e4gt das Grand H\u00f4tel Thalasso &#038; Spa <strong>ein neues Kapitel seiner Geschichte<\/strong> auf. Diese umfassende Renovierung interpretiert den Geist eines eleganten baskischen Ferienortes neu \u2013 zwischen Tradition und Moderne. <\/p><p>Das Haus wurde als ein zum Meer hin offenes Familienhaus konzipiert und vereint heute ein lichtdurchflutetes Design, herzliche Gastfreundschaft und ein zeitgem\u00e4\u00dfes Aufenthaltserlebnis.<\/p>\t\t\t\t\t\t\t\t<\/div>\n\t\t\t\t<div class=\"elementor-element elementor-element-7f44b66 elementor-widget elementor-widget-spacer\" data-id=\"7f44b66\" data-element_type=\"widget\" data-e-type=\"widget\" data-widget_type=\"spacer.default\">\n\t\t\t\t\t\t\t<div class=\"elementor-spacer\">\n\t\t\t<div class=\"elementor-spacer-inner\"><\/div>\n\t\t<\/div>\n\t\t\t\t\t\t<\/div>\n\t\t\t\t<\/div>\n\t\t\t\t\t<\/div>\n\t\t\t\t<\/div>\n\t\t<div class=\"elementor-element elementor-element-83c4cc0 e-flex e-con-boxed e-con e-parent\" data-id=\"83c4cc0\" data-element_type=\"container\" data-e-type=\"container\">\n\t\t\t\t\t<div class=\"e-con-inner\">\n\t\t<div class=\"elementor-element elementor-element-d082d46 e-con-full e-flex e-con e-child\" data-id=\"d082d46\" data-element_type=\"container\" data-e-type=\"container\">\n\t\t\t\t<div class=\"elementor-element elementor-element-79fb566 elementor-widget elementor-widget-prime-slider-mount\" data-id=\"79fb566\" data-element_type=\"widget\" data-e-type=\"widget\" data-widget_type=\"prime-slider-mount.default\">\n\t\t\t\t\t\t\t<div class=\"bdt-prime-slider\">\n\t\t\t<div class=\"bdt-prime-slider-mount\">\n\t\t\t\t<div class=\"bdt-position-relative bdt-visible-toggle\" id=\"bdt-79fb566\" bdt-slideshow=\"{&quot;animation&quot;:&quot;fade&quot;,&quot;ratio&quot;:&quot;16:9&quot;,&quot;min-height&quot;:&quot;460&quot;,&quot;autoplay&quot;:true,&quot;autoplay-interval&quot;:7000,&quot;pause-on-hover&quot;:false,&quot;velocity&quot;:1,&quot;finite&quot;:false}\">\n\t\t\t\t\t<ul class=\"bdt-slideshow-items\">\n\t\t\t\t\t\t\n            <li class=\"bdt-slideshow-item bdt-flex bdt-flex-middle elementor-repeater-item-fc4ad44\">\n\n\t\t\t\t\n\t\t\t\t\t\t<div class=\"bdt-ps-slide-img\"\n\t\t\t\t\t\t\tstyle=\"background-image: url('https:\/\/luzgrandhotel.fr\/wp-content\/uploads\/2026\/04\/GHSJL-Bassins-02.jpg')\"><\/div>\n\n\t\t\t\t\t\t\n\t\t\t\t\t\t\t\t\n\t\t\t\t\t\t\t<div class=\"bdt-prime-slider-content\">\n\n\t\t\t\t\n\t\t\t\t\n\t\t\t<\/div>\n\n        \n            <\/li>\n\n        \n            <li class=\"bdt-slideshow-item bdt-flex bdt-flex-middle elementor-repeater-item-b2f4efa\">\n\n\t\t\t\t\n\t\t\t\t\t\t<div class=\"bdt-ps-slide-img\"\n\t\t\t\t\t\t\tstyle=\"background-image: url('https:\/\/luzgrandhotel.fr\/wp-content\/uploads\/2026\/04\/GHSJL-Piscine-EDM.jpg')\"><\/div>\n\n\t\t\t\t\t\t\n\t\t\t\t\t\t\t\t\n\t\t\t\t\t\t\t<div class=\"bdt-prime-slider-content\">\n\n\t\t\t\t\n\t\t\t\t\n\t\t\t<\/div>\n\n        \n            <\/li>\n\n        \n            <li class=\"bdt-slideshow-item bdt-flex bdt-flex-middle elementor-repeater-item-1ff6e47\">\n\n\t\t\t\t\n\t\t\t\t\t\t<div class=\"bdt-ps-slide-img\"\n\t\t\t\t\t\t\tstyle=\"background-image: url('https:\/\/luzgrandhotel.fr\/wp-content\/uploads\/2026\/04\/GHSJL-Bassins-01.jpg')\"><\/div>\n\n\t\t\t\t\t\t\n\t\t\t\t\t\t\t\t\n\t\t\t\t\t\t\t<div class=\"bdt-prime-slider-content\">\n\n\t\t\t\t\n\t\t\t\t\n\t\t\t<\/div>\n\n        \n            <\/li>\n\n        \n                <\/ul>\n\n\t\t\t\t\n        \n            <ul class=\"bdt-ps-dotnav reveal-muted\">\n                                    <li bdt-slideshow-item=\"0\" data-label=\"01\"><a href=\"#\">01<\/a><\/li>\n                                    <li bdt-slideshow-item=\"1\" data-label=\"02\"><a href=\"#\">02<\/a><\/li>\n                                    <li bdt-slideshow-item=\"2\" data-label=\"03\"><a href=\"#\">03<\/a><\/li>\n                \n                <span>03<\/span>\n            <\/ul>\n\n        \n        \t\t\t\t\n\t\t\t\t<div class=\"bdt-navigation-arrows reveal-muted\">\n\t\t\t<a class=\"bdt-prime-slider-previous\" href=\"#\" bdt-slidenav-previous bdt-slideshow-item=\"previous\"><\/a>\n\t\t\t<a class=\"bdt-prime-slider-next\" href=\"#\" bdt-slidenav-next bdt-slideshow-item=\"next\"><\/a>\n\t\t<\/div>\n\t\t\n\t\t\t\t\t\t\n            <\/div>\n\t\t\t\n\t\t\t<div class=\"bdt-prime-slider-social-icon reveal-muted\">\n\n\t\t\t\t<h3>\n\t\t\t\t\tFolgen Sie uns\t\t\t\t<\/h3>\n\n\t\t\t\t\t\t\t\t\t\t\t<a href=\"https:\/\/www.facebook.com\/login\/?next=https%3A%2F%2Fwww.facebook.com%2FGrandhotelloreamarthalassospa%2F\" aria-label=\"Social Link Fb\">\n\t\t\t\t\t\t\t\t<span class=\"bdt-social-share-title\">\n\t\t\t\t\t\t\t\t\tFb\t\t\t\t\t\t\t\t<\/span>\n\t\t\t\t\t\t\t<\/a>\n\t\t\t\t\t\t\t\t\t\t\t\t\t<a href=\"https:\/\/www.instagram.com\/luzgrandhotel\/\" aria-label=\"Social Link Ig\">\n\t\t\t\t\t\t\t\t<span class=\"bdt-social-share-title\">\n\t\t\t\t\t\t\t\t\tIg\t\t\t\t\t\t\t\t<\/span>\n\t\t\t\t\t\t\t<\/a>\n\t\t\t\t\t\t\t\t\t\t\t\t\t<a href=\"https:\/\/www.linkedin.com\/company\/le-grand-h%C3%B4tel-thalasso-spa\/\" aria-label=\"Social Link In\">\n\t\t\t\t\t\t\t\t<span class=\"bdt-social-share-title\">\n\t\t\t\t\t\t\t\t\tIn\t\t\t\t\t\t\t\t<\/span>\n\t\t\t\t\t\t\t<\/a>\n\t\t\t\t\t\t\n\t\t\t<\/div>\n\n\t\t\t\t<\/div>\n\t\t<\/div>\n        \t\t\t\t<\/div>\n\t\t\t\t<div class=\"elementor-element elementor-element-c3ad40e elementor-widget elementor-widget-spacer\" data-id=\"c3ad40e\" data-element_type=\"widget\" data-e-type=\"widget\" data-widget_type=\"spacer.default\">\n\t\t\t\t\t\t\t<div class=\"elementor-spacer\">\n\t\t\t<div class=\"elementor-spacer-inner\"><\/div>\n\t\t<\/div>\n\t\t\t\t\t\t<\/div>\n\t\t\t\t<div class=\"elementor-element elementor-element-b936c3a elementor-widget elementor-widget-heading\" data-id=\"b936c3a\" data-element_type=\"widget\" data-e-type=\"widget\" data-widget_type=\"heading.default\">\n\t\t\t\t\t<h2 class=\"elementor-heading-title elementor-size-default\">Unser komplett neu gestaltetes Thalasso-Spa<\/h2>\t\t\t\t<\/div>\n\t\t\t\t<div class=\"elementor-element elementor-element-cc0b823 elementor-widget elementor-widget-text-editor\" data-id=\"cc0b823\" data-element_type=\"widget\" data-e-type=\"widget\" data-widget_type=\"text-editor.default\">\n\t\t\t\t\t\t\t\t\t<p>Das Spa des Grand H\u00f4tel, das als ein Erlebnis konzipiert wurde, das in direkter Verbindung zum Meer steht, wurde komplett neu gestaltet. Das Licht spielt dort eine wesentliche Rolle und breitet sich wie eine Meeresreflexion aus, um eine beruhigende und einh\u00fcllende Atmosph\u00e4re zu schaffen. <\/p><p>Die R\u00e4ume wurden als eine Reise der Sinne konzipiert: Offene Raumkonzepte, helle Farbt\u00f6ne und mineralische Materialien erinnern an die K\u00fcste, w\u00e4hrend ged\u00e4mpfte Bereiche zum tiefen Entspannen einladen.<\/p><p>Dieser neue Ansatz geht \u00fcber die reine Thalassotherapie hinaus: Er bietet eine zeitgem\u00e4\u00dfe Interpretation des Begriffs \u201eWohlbefinden\u201c, bei der jede Behandlung auf aktuelle Bed\u00fcrfnisse zugeschnitten ist \u2013 Stressbew\u00e4ltigung, Erholung, Vitalit\u00e4t oder die Wiederfindung zu sich selbst.<\/p>\t\t\t\t\t\t\t\t<\/div>\n\t\t\t\t<div class=\"elementor-element elementor-element-f0b1b03 elementor-widget elementor-widget-spacer\" data-id=\"f0b1b03\" data-element_type=\"widget\" data-e-type=\"widget\" data-widget_type=\"spacer.default\">\n\t\t\t\t\t\t\t<div class=\"elementor-spacer\">\n\t\t\t<div class=\"elementor-spacer-inner\"><\/div>\n\t\t<\/div>\n\t\t\t\t\t\t<\/div>\n\t\t\t\t<\/div>\n\t\t<div class=\"elementor-element elementor-element-b0de369 e-con-full e-flex e-con e-child\" data-id=\"b0de369\" data-element_type=\"container\" data-e-type=\"container\">\n\t\t<div class=\"elementor-element elementor-element-be26647 e-con-full e-flex e-con e-child\" data-id=\"be26647\" data-element_type=\"container\" data-e-type=\"container\">\n\t\t\t\t<div class=\"elementor-element elementor-element-a576d89 elementor-widget elementor-widget-heading\" data-id=\"a576d89\" data-element_type=\"widget\" data-e-type=\"widget\" data-widget_type=\"heading.default\">\n\t\t\t\t\t<h2 class=\"elementor-heading-title elementor-size-default\">Fachprotokolle\u200b<\/h2>\t\t\t\t<\/div>\n\t\t\t\t<div class=\"elementor-element elementor-element-4dd26c8 elementor-widget elementor-widget-text-editor\" data-id=\"4dd26c8\" data-element_type=\"widget\" data-e-type=\"widget\" data-widget_type=\"text-editor.default\">\n\t\t\t\t\t\t\t\t\t<p>Im Mittelpunkt dieses Erlebnisses steht die Hand des Behandlers. Die Behandlungen verbinden fachkundige Handgriffe mit nat\u00fcrlichen Wirkstoffen aus der Meereswelt. <\/p><p>Das Spa setzt insbesondere auf die Marken Thalion und Paoma, die f\u00fcr die Qualit\u00e4t ihrer Rezepturen und ihren sensorischen Ansatz bekannt sind.<\/p><p>Das Behandlungsangebot wurde komplett \u00fcberarbeitet, um gezielte Behandlungen anzubieten, wie beispielsweise die Anti-Cortisol-Behandlungen, die darauf ausgelegt sind, Verspannungen zu l\u00f6sen und eine umfassende Entspannung von K\u00f6rper und Geist zu f\u00f6rdern.<\/p>\t\t\t\t\t\t\t\t<\/div>\n\t\t\t\t<div class=\"elementor-element elementor-element-a846e64 elementor-widget elementor-widget-spacer\" data-id=\"a846e64\" data-element_type=\"widget\" data-e-type=\"widget\" data-widget_type=\"spacer.default\">\n\t\t\t\t\t\t\t<div class=\"elementor-spacer\">\n\t\t\t<div class=\"elementor-spacer-inner\"><\/div>\n\t\t<\/div>\n\t\t\t\t\t\t<\/div>\n\t\t\t\t<div class=\"elementor-element elementor-element-0dca9d9 elementor-align-justify elementor-invisible elementor-widget elementor-widget-button\" data-id=\"0dca9d9\" data-element_type=\"widget\" data-e-type=\"widget\" data-settings=\"{&quot;_animation&quot;:&quot;fadeIn&quot;}\" data-widget_type=\"button.default\">\n\t\t\t\t\t\t\t\t\t\t<a class=\"elementor-button elementor-button-link elementor-size-sm\" href=\"\/wp-content\/uploads\/2025\/12\/2026-guide-des-soins-lgh-BD.pdf\" target=\"_blank\">\n\t\t\t\t\t\t<span class=\"elementor-button-content-wrapper\">\n\t\t\t\t\t\t\t\t\t<span class=\"elementor-button-text\">Pflegeanleitung<\/span>\n\t\t\t\t\t<\/span>\n\t\t\t\t\t<\/a>\n\t\t\t\t\t\t\t\t<\/div>\n\t\t\t\t<\/div>\n\t\t<div class=\"elementor-element elementor-element-2d66c3c e-con-full e-flex e-con e-child\" data-id=\"2d66c3c\" data-element_type=\"container\" data-e-type=\"container\">\n\t\t\t\t<div class=\"elementor-element elementor-element-aa191cf elementor-widget elementor-widget-image\" data-id=\"aa191cf\" data-element_type=\"widget\" data-e-type=\"widget\" data-widget_type=\"image.default\">\n\t\t\t\t\t\t\t\t\t\t\t\t\t\t\t<img fetchpriority=\"high\" decoding=\"async\" width=\"800\" height=\"906\" src=\"https:\/\/luzgrandhotel.fr\/wp-content\/uploads\/2025\/12\/Mockup-brochure-luz-904x1024.png\" class=\"attachment-large size-large wp-image-8800\" alt=\"Mockup der Brosch\u00fcre \u201eLuz\u201c\" srcset=\"https:\/\/luzgrandhotel.fr\/wp-content\/uploads\/2025\/12\/Mockup-brochure-luz-904x1024.png 904w, https:\/\/luzgrandhotel.fr\/wp-content\/uploads\/2025\/12\/Mockup-brochure-luz-265x300.png 265w, https:\/\/luzgrandhotel.fr\/wp-content\/uploads\/2025\/12\/Mockup-brochure-luz-768x870.png 768w, https:\/\/luzgrandhotel.fr\/wp-content\/uploads\/2025\/12\/Mockup-brochure-luz.png 960w\" sizes=\"(max-width: 800px) 100vw, 800px\" \/>\t\t\t\t\t\t\t\t\t\t\t\t\t\t\t<\/div>\n\t\t\t\t<\/div>\n\t\t\t\t<\/div>\n\t\t\t\t\t<\/div>\n\t\t\t\t<\/div>\n\t\t<div class=\"elementor-element elementor-element-ee3746c e-con-full e-flex e-con e-parent\" data-id=\"ee3746c\" data-element_type=\"container\" data-e-type=\"container\">\n\t\t<div class=\"elementor-element elementor-element-11d52a7 e-con-full e-flex e-con e-child\" data-id=\"11d52a7\" data-element_type=\"container\" data-e-type=\"container\">\n\t\t<div class=\"elementor-element elementor-element-1a102a9 e-con-full e-flex e-con e-child\" data-id=\"1a102a9\" data-element_type=\"container\" data-e-type=\"container\" data-settings=\"{&quot;background_background&quot;:&quot;classic&quot;}\">\n\t\t\t\t<div class=\"elementor-element elementor-element-b784c32 elementor-widget elementor-widget-heading\" data-id=\"b784c32\" data-element_type=\"widget\" data-e-type=\"widget\" data-widget_type=\"heading.default\">\n\t\t\t\t\t<h2 class=\"elementor-heading-title elementor-size-default\">Entdecken Sie den interaktiven Lageplan des renovierten Thalasso-Spas \u201e <br \/>\u201c<\/h2>\t\t\t\t<\/div>\n\t\t\t\t<div class=\"elementor-element elementor-element-7d849de elementor-widget elementor-widget-shortcode\" data-id=\"7d849de\" data-element_type=\"widget\" data-e-type=\"widget\" data-widget_type=\"shortcode.default\">\n\t\t\t\t\t\t\t<div class=\"elementor-shortcode\">\n<style>\n\t#hotspot-7809 .hotspots-image-container,\n\t#hotspot-7809 .leaflet-container {\n\t\tbackground: #efefef\t}\n\n\t#hotspot-7809 .hotspots-placeholder {\n\t\tbackground: #ffffff;\n\t\tborder: 0 #ffffff solid;\n\t\tcolor: #6d2a3f;\n\t}\n\n\t#hotspot-7809 .hotspot-title {\n\t\tcolor: #6d2a3f;\n\t}\n\n\t\/* Allow long heading words (e.g. long compound words) to wrap instead of being clipped by the info box *\/\n\t#hotspot-7809 .hotspot-title,\n\t.featherlight .featherlight-content.lightbox-7809 .hotspot-title {\n\t\toverflow-wrap: break-word;\n\t\tword-break: break-word;\n\t}\n\n\t\t\t#hotspot-7809 .hotspot-default {\n\t\t\tstroke-width: 2;\n\t\t\tfill: #ffffff;\n\t\t\tfill-opacity: 0;\n\t\t\tstroke: #ffffff;\n\t\t\tstroke-opacity: 0;\n\t\t}\n\t\t#hotspot-7809 .hotspot-default:hover,\n\t\t#hotspot-7809 .hotspot-default:focus-visible,\n\t\t#hotspot-7809 .hotspot-default.hotspot-active {\n\t\t\tfill: #f4e5e1;\n\t\t\tfill-opacity: 0.21;\n\t\t\tstroke: #6d2a3f;\n\t\t\tstroke-opacity: 1.01;\n\t\t}\n\t\t#hotspot-7809 .leaflet-tooltip,\n\t#hotspot-7809 .leaflet-rrose-content-wrapper {\n\t\tbackground: #ffffff;\n\t\tborder-color: #ffffff;\n\t\tcolor: #6d2a3f;\n\t}\n\n\t#hotspot-7809 a.leaflet-rrose-close-button {\n\t\tcolor: #6d2a3f;\n\t}\n\n\t#hotspot-7809 .leaflet-rrose-tip {\n\t\tbackground: #ffffff;\n\t}\n\n\t#hotspot-7809 .leaflet-popup-scrolled {\n\t\tborder-bottom-color: #6d2a3f;\n\t\tborder-top-color: #6d2a3f;\n\t}\n\n\t#hotspot-7809 .leaflet-tooltip-top:before {\n\t\tborder-top-color: #ffffff;\n\t}\n\n\t#hotspot-7809 .leaflet-tooltip-bottom:before {\n\t\tborder-bottom-color: #ffffff;\n\t}\n\t#hotspot-7809 .leaflet-tooltip-left:before {\n\t\tborder-left-color: #ffffff;\n\t}\n\t#hotspot-7809 .leaflet-tooltip-right:before {\n\t\tborder-right-color: #ffffff;\n\t}\n<\/style>\n\n\t\n\t<div class=\"hotspots-container  layout-left event-click\" id=\"hotspot-7809\" data-layout=\"left\" data-trigger=\"click\">\n\t\t<div class=\"hotspots-interaction\">\n\t\t\t\t<div class=\"hotspots-placeholder\" id=\"content-hotspot-7809\">\n\t\t<div class=\"hotspot-initial\">\n\t\t\t\t\t\t\t\t\t<h2 class=\"hotspot-title\">\n\t\t\t\tPlan Spa Thalasso\t\t\t<\/h2>\n\t\t\t\t\t\t<div class=\"hotspot-content\">\n\t\t\t\t\t\t\t\t\t<p>Un parcours bien-\u00eatre complet pens\u00e9 comme une exp\u00e9rience immersive, alliant chaleur, fra\u00eecheur et relaxation. Chaque espace du Spa &amp; Thalasso a \u00e9t\u00e9 con\u00e7u pour favoriser la d\u00e9tente, stimuler les sens et accompagner le corps dans un v\u00e9ritable rituel de r\u00e9g\u00e9n\u00e9ration. Entre soins, hydroth\u00e9rapie et zones de repos, ce plan guide les h\u00f4tes dans un voyage harmonieux d\u00e9di\u00e9 au l\u00e2cher-prise et \u00e0 la revitalisation.<\/p>\n\t\t\t\t\t\t\t<\/div>\n\t\t<\/div>\n\t<\/div>\n<div class=\"hotspots-image-container\">\n\t<img\n\t\twidth=\"2199\"\n\t\theight=\"2560\"\n\t\tsrc=\"https:\/\/luzgrandhotel.fr\/wp-content\/uploads\/2026\/04\/plan-thalasso-luz-grand-hotel-scaled.png\"\n\t\talt=\"plan-thalasso-luz-grand-hotel\"\n\t\tclass=\"hotspots-image skip-lazy\"\n\t\tusemap=\"#hotspots-image-7809\"\n\t\tdata-image-title=\"Plan Spa Thalasso\"\n\t\tdata-image-description=\"Un parcours bien-\u00eatre complet pens\u00e9 comme une exp\u00e9rience immersive, alliant chaleur, fra\u00eecheur et relaxation. Chaque espace du Spa &amp; Thalasso a \u00e9t\u00e9 con\u00e7u pour favoriser la d\u00e9tente, stimuler les sens et accompagner le corps dans un v\u00e9ritable rituel de r\u00e9g\u00e9n\u00e9ration. Entre soins, hydroth\u00e9rapie et zones de repos, ce plan guide les h\u00f4tes dans un voyage harmonieux d\u00e9di\u00e9 au l\u00e2cher-prise et \u00e0 la revitalisation.\"\n\t\tdata-event-trigger=\"click\"\n\t\tdata-always-visible=\"false\"\n\t\tdata-id=\"7809\"\n\t\tdata-no-lazy=\"1\"\n\t\tdata-lazy-src=\"\"\n\t\tdata-lazy=\"false\"\n\t\tloading=\"eager\"\n\t\tdata-skip-lazy=\"1\"\n\t\t>\n<\/div>\t\t<\/div>\n\t\t<map name=\"hotspots-image-7809\" class=\"hotspots-map\">\n\t\t\t\t\t\t\t\t\t\t\t<area\n\t\t\t\t\tshape=\"circle\"\n\t\t\t\t\tcoords=\"720,2020,78\"\n\t\t\t\t\thref=\"#hotspot-hotspot-7809-0\"\n\t\t\t\t\trel=\"\"\n\t\t\t\t\ttitle=\"Accueil Spa &amp; Thalasso\"\n\t\t\t\t\talt=\"Accueil Spa &amp; Thalasso\"\n\t\t\t\t\tdata-action=\"\"\n\t\t\t\t\tdata-color-scheme=\"\"\n\t\t\t\t\ttarget=\"\"\n\t\t\t\t\tclass=\"more-info-area\"\n\t\t\t\t\t>\n\t\t\t\t\t\t\t\t\t\t\t<area\n\t\t\t\t\tshape=\"circle\"\n\t\t\t\t\tcoords=\"210,685,23\"\n\t\t\t\t\thref=\"#hotspot-hotspot-7809-1\"\n\t\t\t\t\trel=\"\"\n\t\t\t\t\ttitle=\"Espace change &amp; douche\"\n\t\t\t\t\talt=\"Espace change &amp; douche\"\n\t\t\t\t\tdata-action=\"\"\n\t\t\t\t\tdata-color-scheme=\"\"\n\t\t\t\t\ttarget=\"\"\n\t\t\t\t\tclass=\"more-info-area\"\n\t\t\t\t\t>\n\t\t\t\t\t\t\t\t\t\t\t<area\n\t\t\t\t\tshape=\"circle\"\n\t\t\t\t\tcoords=\"780,1575,58\"\n\t\t\t\t\thref=\"#hotspot-hotspot-7809-2\"\n\t\t\t\t\trel=\"\"\n\t\t\t\t\ttitle=\"Tisanerie\"\n\t\t\t\t\talt=\"Tisanerie\"\n\t\t\t\t\tdata-action=\"\"\n\t\t\t\t\tdata-color-scheme=\"\"\n\t\t\t\t\ttarget=\"\"\n\t\t\t\t\tclass=\"more-info-area\"\n\t\t\t\t\t>\n\t\t\t\t\t\t\t\t\t\t\t<area\n\t\t\t\t\tshape=\"circle\"\n\t\t\t\t\tcoords=\"1033,1508,65\"\n\t\t\t\t\thref=\"#hotspot-hotspot-7809-3\"\n\t\t\t\t\trel=\"\"\n\t\t\t\t\ttitle=\"Sauna\"\n\t\t\t\t\talt=\"Sauna\"\n\t\t\t\t\tdata-action=\"\"\n\t\t\t\t\tdata-color-scheme=\"\"\n\t\t\t\t\ttarget=\"\"\n\t\t\t\t\tclass=\"more-info-area\"\n\t\t\t\t\t>\n\t\t\t\t\t\t\t\t\t\t\t<area\n\t\t\t\t\tshape=\"circle\"\n\t\t\t\t\tcoords=\"1191,1509,71\"\n\t\t\t\t\thref=\"#hotspot-hotspot-7809-4\"\n\t\t\t\t\trel=\"\"\n\t\t\t\t\ttitle=\"Hammam\"\n\t\t\t\t\talt=\"Hammam\"\n\t\t\t\t\tdata-action=\"\"\n\t\t\t\t\tdata-color-scheme=\"\"\n\t\t\t\t\ttarget=\"\"\n\t\t\t\t\tclass=\"more-info-area\"\n\t\t\t\t\t>\n\t\t\t\t\t\t\t\t\t\t\t<area\n\t\t\t\t\tshape=\"circle\"\n\t\t\t\t\tcoords=\"1541,1491,65\"\n\t\t\t\t\thref=\"#hotspot-hotspot-7809-5\"\n\t\t\t\t\trel=\"\"\n\t\t\t\t\ttitle=\"Fontaine \u00e0 glace\"\n\t\t\t\t\talt=\"Fontaine \u00e0 glace\"\n\t\t\t\t\tdata-action=\"\"\n\t\t\t\t\tdata-color-scheme=\"\"\n\t\t\t\t\ttarget=\"\"\n\t\t\t\t\tclass=\"more-info-area\"\n\t\t\t\t\t>\n\t\t\t\t\t\t\t\t\t\t\t<area\n\t\t\t\t\tshape=\"circle\"\n\t\t\t\t\tcoords=\"916,1326,133\"\n\t\t\t\t\thref=\"#hotspot-hotspot-7809-6\"\n\t\t\t\t\trel=\"\"\n\t\t\t\t\ttitle=\"Jacuzzi\"\n\t\t\t\t\talt=\"Jacuzzi\"\n\t\t\t\t\tdata-action=\"\"\n\t\t\t\t\tdata-color-scheme=\"\"\n\t\t\t\t\ttarget=\"\"\n\t\t\t\t\tclass=\"more-info-area\"\n\t\t\t\t\t>\n\t\t\t\t\t\t\t\t\t\t\t<area\n\t\t\t\t\tshape=\"circle\"\n\t\t\t\t\tcoords=\"1309,1325,127\"\n\t\t\t\t\thref=\"#hotspot-hotspot-7809-7\"\n\t\t\t\t\trel=\"\"\n\t\t\t\t\ttitle=\"Bain chaud\"\n\t\t\t\t\talt=\"Bain chaud\"\n\t\t\t\t\tdata-action=\"\"\n\t\t\t\t\tdata-color-scheme=\"\"\n\t\t\t\t\ttarget=\"\"\n\t\t\t\t\tclass=\"more-info-area\"\n\t\t\t\t\t>\n\t\t\t\t\t\t\t\t\t\t\t<area\n\t\t\t\t\tshape=\"circle\"\n\t\t\t\t\tcoords=\"1111,1153,62\"\n\t\t\t\t\thref=\"#hotspot-hotspot-7809-8\"\n\t\t\t\t\trel=\"\"\n\t\t\t\t\ttitle=\"Bain froid\"\n\t\t\t\t\talt=\"Bain froid\"\n\t\t\t\t\tdata-action=\"\"\n\t\t\t\t\tdata-color-scheme=\"\"\n\t\t\t\t\ttarget=\"\"\n\t\t\t\t\tclass=\"more-info-area\"\n\t\t\t\t\t>\n\t\t\t\t\t\t\t\t\t\t\t<area\n\t\t\t\t\tshape=\"polygon\"\n\t\t\t\t\tcoords=\"1137,485,1093,609,1007,589,875,964,909,1028,941,1006,949,1044,1029,1026,1161,1032,1267,1054,1381,1100,1399,1064,1437,1020,1569,1064,1611,950,1669,950,1705,915,1715,881,1707,845,1681,811,1657,805,1707,687\"\n\t\t\t\t\thref=\"#hotspot-hotspot-7809-9\"\n\t\t\t\t\trel=\"\"\n\t\t\t\t\ttitle=\"Espace Piscine anim\u00e9e\"\n\t\t\t\t\talt=\"Espace Piscine anim\u00e9e\"\n\t\t\t\t\tdata-action=\"\"\n\t\t\t\t\tdata-color-scheme=\"\"\n\t\t\t\t\ttarget=\"\"\n\t\t\t\t\tclass=\"more-info-area\"\n\t\t\t\t\t>\n\t\t\t\t\t\t\t\t\t\t\t<area\n\t\t\t\t\tshape=\"polygon\"\n\t\t\t\t\tcoords=\"1713,1278,1661,1342,1665,1618,1955,1616,1951,1332,1883,1268\"\n\t\t\t\t\thref=\"#hotspot-hotspot-7809-10\"\n\t\t\t\t\trel=\"\"\n\t\t\t\t\ttitle=\"Espace cabines\"\n\t\t\t\t\talt=\"Espace cabines\"\n\t\t\t\t\tdata-action=\"\"\n\t\t\t\t\tdata-color-scheme=\"\"\n\t\t\t\t\ttarget=\"\"\n\t\t\t\t\tclass=\"more-info-area\"\n\t\t\t\t\t>\n\t\t\t\t\t\t\t\t\t\t\t<area\n\t\t\t\t\tshape=\"polygon\"\n\t\t\t\t\tcoords=\"326,205,1045,455,895,877,622,1085,520,993,460,899,434,793,438,691,458,601,490,503,314,441,186,459,190,213\"\n\t\t\t\t\thref=\"#hotspot-hotspot-7809-11\"\n\t\t\t\t\trel=\"\"\n\t\t\t\t\ttitle=\"Espaces cabines\"\n\t\t\t\t\talt=\"Espaces cabines\"\n\t\t\t\t\tdata-action=\"\"\n\t\t\t\t\tdata-color-scheme=\"\"\n\t\t\t\t\ttarget=\"\"\n\t\t\t\t\tclass=\"more-info-area\"\n\t\t\t\t\t>\n\t\t\t\t\t\t\t\t\t\t\t<area\n\t\t\t\t\tshape=\"polygon\"\n\t\t\t\t\tcoords=\"251,1349,251,1485,485,1489,489,1269,333,1271\"\n\t\t\t\t\thref=\"#hotspot-hotspot-7809-12\"\n\t\t\t\t\trel=\"\"\n\t\t\t\t\ttitle=\"Cabines duo\"\n\t\t\t\t\talt=\"Cabines duo\"\n\t\t\t\t\tdata-action=\"\"\n\t\t\t\t\tdata-color-scheme=\"\"\n\t\t\t\t\ttarget=\"\"\n\t\t\t\t\tclass=\"more-info-area\"\n\t\t\t\t\t>\n\t\t\t\t\t\t\t\t\t\t\t<area\n\t\t\t\t\tshape=\"polygon\"\n\t\t\t\t\tcoords=\"481,2242,557,2244,559,2384,249,2390,239,1667,483,1665\"\n\t\t\t\t\thref=\"#hotspot-hotspot-7809-13\"\n\t\t\t\t\trel=\"\"\n\t\t\t\t\ttitle=\"Espaces cabines\"\n\t\t\t\t\talt=\"Espaces cabines\"\n\t\t\t\t\tdata-action=\"\"\n\t\t\t\t\tdata-color-scheme=\"\"\n\t\t\t\t\ttarget=\"\"\n\t\t\t\t\tclass=\"more-info-area\"\n\t\t\t\t\t>\n\t\t\t\t\t\t\t\t\t\t\t<area\n\t\t\t\t\tshape=\"polygon\"\n\t\t\t\t\tcoords=\"1783,728,1979,792,1977,1086,1847,1086,1749,980,1771,950,1787,908,1783,864,1773,816,1763,792\"\n\t\t\t\t\thref=\"#hotspot-hotspot-7809-14\"\n\t\t\t\t\trel=\"\"\n\t\t\t\t\ttitle=\"Salle de repos\"\n\t\t\t\t\talt=\"Salle de repos\"\n\t\t\t\t\tdata-action=\"\"\n\t\t\t\t\tdata-color-scheme=\"\"\n\t\t\t\t\ttarget=\"\"\n\t\t\t\t\tclass=\"more-info-area\"\n\t\t\t\t\t>\n\t\t\t\t\t\t\t\t\t\t\t<area\n\t\t\t\t\tshape=\"polygon\"\n\t\t\t\t\tcoords=\"593,2147,771,2143,771,2287,595,2291\"\n\t\t\t\t\thref=\"#hotspot-hotspot-7809-15\"\n\t\t\t\t\trel=\"\"\n\t\t\t\t\ttitle=\"Espace change et douche\"\n\t\t\t\t\talt=\"Espace change et douche\"\n\t\t\t\t\tdata-action=\"\"\n\t\t\t\t\tdata-color-scheme=\"\"\n\t\t\t\t\ttarget=\"\"\n\t\t\t\t\tclass=\"more-info-area\"\n\t\t\t\t\t>\n\t\t\t\t\t<\/map>\n\n\t\t\n\t\t\t\t\t\n\t\t\t\t\t\t<div class=\"hotspot-info \" id=\"hotspot-hotspot-7809-0\">\n\t\t\t\t\n\t\t\t\t<h2 class=\"hotspot-title\">Accueil Spa & Thalasso<\/h2>\t\t\t\t\t\t\t\t<div class=\"hotspot-content\">\n\t\t\t\t\t<p>Un espace d\u2019accueil enti\u00e8rement repens\u00e9 pour offrir une arriv\u00e9e fluide et apaisante. D\u00e8s les premiers instants, les h\u00f4tes sont plong\u00e9s dans une atmosph\u00e8re douce et \u00e9l\u00e9gante, o\u00f9 mat\u00e9riaux naturels, lumi\u00e8re subtile et design \u00e9pur\u00e9 invitent \u00e0 la d\u00e9tente. Pens\u00e9 comme un v\u00e9ritable point de transition, cet espace facilite l\u2019orientation tout en incarnant l\u2019esprit bien-\u00eatre et premium du Spa &amp; Thalasso.<\/p>\n\t\t\t\t<\/div>\n\t\t\t<\/div>\n\t\t\t\t\t\n\t\t\t\t\t\t<div class=\"hotspot-info \" id=\"hotspot-hotspot-7809-1\">\n\t\t\t\t\n\t\t\t\t<h2 class=\"hotspot-title\">Espace change & douche<\/h2>\t\t\t\t\t\t\t\t<div class=\"hotspot-content\">\n\t\t\t\t\t<p>Des espaces fonctionnels et \u00e9l\u00e9gants, con\u00e7us pour allier confort, intimit\u00e9 et praticit\u00e9. Les vestiaires et douches offrent un cadre soign\u00e9 aux lignes \u00e9pur\u00e9es, o\u00f9 chaque d\u00e9tail est pens\u00e9 pour faciliter le parcours client. Une atmosph\u00e8re apaisante qui prolonge naturellement l\u2019exp\u00e9rience bien-\u00eatre d\u00e8s les premi\u00e8res \u00e9tapes.<\/p>\n\t\t\t\t<\/div>\n\t\t\t<\/div>\n\t\t\t\t\t\n\t\t\t\t\t\t<div class=\"hotspot-info \" id=\"hotspot-hotspot-7809-2\">\n\t\t\t\t\n\t\t\t\t<h2 class=\"hotspot-title\">Tisanerie<\/h2>\t\t\t\t\t\t\t\t<div class=\"hotspot-content\">\n\t\t\t\t\t<p>Un espace chaleureux et apaisant d\u00e9di\u00e9 \u00e0 la d\u00e9tente, o\u00f9 les h\u00f4tes peuvent prolonger les bienfaits des soins autour d\u2019une s\u00e9lection de tisanes et infusions. Dans une atmosph\u00e8re douce et enveloppante, ce lieu invite \u00e0 ralentir, se ressourcer et savourer pleinement l\u2019exp\u00e9rience bien-\u00eatre.<\/p>\n\t\t\t\t<\/div>\n\t\t\t<\/div>\n\t\t\t\t\t\n\t\t\t\t\t\t<div class=\"hotspot-info \" id=\"hotspot-hotspot-7809-3\">\n\t\t\t\t\n\t\t\t\t<h2 class=\"hotspot-title\">Sauna<\/h2>\t\t\t\t\t\t\t\t<div class=\"hotspot-content\">\n\t\t\t\t\t<p>Un espace de chaleur s\u00e8che propice \u00e0 la d\u00e9tente profonde et \u00e0 la d\u00e9toxification. Dans une ambiance bois\u00e9e et enveloppante, le sauna invite \u00e0 rel\u00e2cher les tensions, purifier le corps et apaiser l\u2019esprit, pour une exp\u00e9rience sensorielle compl\u00e8te au c\u0153ur du parcours bien-\u00eatre.<\/p>\n\t\t\t\t<\/div>\n\t\t\t<\/div>\n\t\t\t\t\t\n\t\t\t\t\t\t<div class=\"hotspot-info \" id=\"hotspot-hotspot-7809-4\">\n\t\t\t\t\n\t\t\t\t<h2 class=\"hotspot-title\">Hammam<\/h2>\t\t\t\t\t\t\t\t<div class=\"hotspot-content\">\n\t\t\t\t\t<p>Un espace de chaleur humide aux vertus purifiantes, o\u00f9 la vapeur enveloppante invite \u00e0 une d\u00e9tente profonde. Dans une ambiance douce et feutr\u00e9e, le hammam lib\u00e8re les tensions, nettoie la peau et apaise le corps, prolongeant naturellement le voyage sensoriel du Spa &amp; Thalasso.<\/p>\n\t\t\t\t<\/div>\n\t\t\t<\/div>\n\t\t\t\t\t\n\t\t\t\t\t\t<div class=\"hotspot-info \" id=\"hotspot-hotspot-7809-5\">\n\t\t\t\t\n\t\t\t\t<h2 class=\"hotspot-title\">Fontaine \u00e0 glace<\/h2>\t\t\t\t\t\t\t\t<div class=\"hotspot-content\">\n\t\t\t\t\t<p>Un espace de fra\u00eecheur vivifiante venant compl\u00e9ter le parcours chaud du spa. La glace pil\u00e9e stimule la circulation, tonifie le corps et intensifie les bienfaits du sauna et du hammam. Une \u00e9tape revigorante qui r\u00e9veille les sens et renforce l\u2019exp\u00e9rience de bien-\u00eatre.<\/p>\n\t\t\t\t<\/div>\n\t\t\t<\/div>\n\t\t\t\t\t\n\t\t\t\t\t\t<div class=\"hotspot-info \" id=\"hotspot-hotspot-7809-6\">\n\t\t\t\t\n\t\t\t\t<h2 class=\"hotspot-title\">Jacuzzi<\/h2>\t\t\t\t\t\t\t\t<div class=\"hotspot-content\">\n\t\t\t\t\t<p>Des zones de massage par jets d\u2019eau cibl\u00e9s, offrant une d\u00e9tente musculaire profonde et une sensation imm\u00e9diate de bien-\u00eatre. Gr\u00e2ce \u00e0 la pr\u00e9cision des buses, les jets alternent entre stimulation tonique et massage d\u00e9licat, pour lib\u00e9rer les tensions, \u00e9vacuer le stress et revitaliser le corps en douceur.<\/p>\n\t\t\t\t<\/div>\n\t\t\t<\/div>\n\t\t\t\t\t\n\t\t\t\t\t\t<div class=\"hotspot-info \" id=\"hotspot-hotspot-7809-7\">\n\t\t\t\t\n\t\t\t\t<h2 class=\"hotspot-title\">Bain chaud<\/h2>\t\t\t\t\t\t\t\t<div class=\"hotspot-content\">\n\t\t\t\t\t<p>Un espace d\u00e9di\u00e9 \u00e0 la l\u00e9g\u00e8ret\u00e9 et \u00e0 la d\u00e9tente, o\u00f9 une multitude de bulles d\u2019air procurent un effet \u00e0 la fois drainant et relaxant. Les buses diffusent des micro-bulles cibl\u00e9es qui stimulent la circulation, favorisent l\u2019\u00e9limination des toxines et offrent une agr\u00e9able sensation d\u2019assainissement et de bien-\u00eatre global.<\/p>\n\t\t\t\t<\/div>\n\t\t\t<\/div>\n\t\t\t\t\t\n\t\t\t\t\t\t<div class=\"hotspot-info \" id=\"hotspot-hotspot-7809-8\">\n\t\t\t\t\n\t\t\t\t<h2 class=\"hotspot-title\">Bain froid<\/h2>\t\t\t\t\t\t\t\t<div class=\"hotspot-content\">\n\t\t\t\t\t<p>Une immersion tonifiante et revitalisante qui stimule imm\u00e9diatement l\u2019organisme. L\u2019eau froide favorise la r\u00e9cup\u00e9ration, soulage les tensions, r\u00e9duit les inflammations et active la circulation sanguine. Elle contribue \u00e9galement \u00e0 apaiser le stress et \u00e0 renforcer la sensation globale de bien-\u00eatre.<\/p>\n\t\t\t\t<\/div>\n\t\t\t<\/div>\n\t\t\t\t\t\n\t\t\t\t\t\t<div class=\"hotspot-info \" id=\"hotspot-hotspot-7809-9\">\n\t\t\t\t\n\t\t\t\t<h2 class=\"hotspot-title\">Espace Piscine anim\u00e9e<\/h2>\t\t\t\t\t\t\t\t<div class=\"hotspot-content\">\n\t\t\t\t\t<p>Eau de mer - Tout public - Non surveill\u00e9<\/p>\n\t\t\t\t<\/div>\n\t\t\t<\/div>\n\t\t\t\t\t\n\t\t\t\t\t\t<div class=\"hotspot-info \" id=\"hotspot-hotspot-7809-10\">\n\t\t\t\t\n\t\t\t\t<h2 class=\"hotspot-title\">Espace cabines<\/h2>\t\t\t\t\t\t\t\t<div class=\"hotspot-content\">\n\t\t\t\t\t<p>Des cabines de soin intimistes et \u00e9l\u00e9gantes, con\u00e7ues pour offrir confort et s\u00e9r\u00e9nit\u00e9. Dans une atmosph\u00e8re douce et apaisante, chaque espace favorise la d\u00e9connexion et l\u2019abandon total, pour une exp\u00e9rience de soin personnalis\u00e9e au c\u0153ur du bien-\u00eatre.<\/p>\n\t\t\t\t<\/div>\n\t\t\t<\/div>\n\t\t\t\t\t\n\t\t\t\t\t\t<div class=\"hotspot-info \" id=\"hotspot-hotspot-7809-11\">\n\t\t\t\t\n\t\t\t\t<h2 class=\"hotspot-title\">Espaces cabines<\/h2>\t\t\t\t\t\t\t\t<div class=\"hotspot-content\">\n\t\t\t\t\t<p>Des cabines de soin intimistes et \u00e9l\u00e9gantes, con\u00e7ues pour offrir confort et s\u00e9r\u00e9nit\u00e9. Dans une atmosph\u00e8re douce et apaisante, chaque espace favorise la d\u00e9connexion et l\u2019abandon total, pour une exp\u00e9rience de soin personnalis\u00e9e au c\u0153ur du bien-\u00eatre.<\/p>\n\t\t\t\t<\/div>\n\t\t\t<\/div>\n\t\t\t\t\t\n\t\t\t\t\t\t<div class=\"hotspot-info \" id=\"hotspot-hotspot-7809-12\">\n\t\t\t\t\n\t\t\t\t<h2 class=\"hotspot-title\">Cabines duo<\/h2>\t\t\t\t\t\t\t\t<div class=\"hotspot-content\">\n\t\t\t\t\t<p>Des espaces de soin con\u00e7us pour partager un moment de d\u00e9tente \u00e0 deux, dans une atmosph\u00e8re intime et apaisante. \u00c9l\u00e9gantes et confortables, ces cabines permettent de vivre une exp\u00e9rience bien-\u00eatre personnalis\u00e9e tout en profitant d\u2019un instant de complicit\u00e9.<\/p>\n\t\t\t\t<\/div>\n\t\t\t<\/div>\n\t\t\t\t\t\n\t\t\t\t\t\t<div class=\"hotspot-info \" id=\"hotspot-hotspot-7809-13\">\n\t\t\t\t\n\t\t\t\t<h2 class=\"hotspot-title\">Espaces cabines<\/h2>\t\t\t\t\t\t\t\t<div class=\"hotspot-content\">\n\t\t\t\t\t<p>Des cabines de soin intimistes et \u00e9l\u00e9gantes, con\u00e7ues pour offrir confort et s\u00e9r\u00e9nit\u00e9. Dans une atmosph\u00e8re douce et apaisante, chaque espace favorise la d\u00e9connexion et l\u2019abandon total, pour une exp\u00e9rience de soin personnalis\u00e9e au c\u0153ur du bien-\u00eatre.<\/p>\n\t\t\t\t<\/div>\n\t\t\t<\/div>\n\t\t\t\t\t\n\t\t\t\t\t\t<div class=\"hotspot-info \" id=\"hotspot-hotspot-7809-14\">\n\t\t\t\t\n\t\t\t\t<h2 class=\"hotspot-title\">Salle de repos<\/h2>\t\t\t\t\t\t\t\t<div class=\"hotspot-content\">\n\t\t\t\t\t<p>Un espace calme et enveloppant d\u00e9di\u00e9 \u00e0 la r\u00e9cup\u00e9ration apr\u00e8s les soins. Dans une ambiance douce et feutr\u00e9e, la salle de repos invite \u00e0 prolonger la d\u00e9tente, apaiser le corps et l\u2019esprit, et savourer pleinement les bienfaits de l\u2019exp\u00e9rience spa.<\/p>\n\t\t\t\t<\/div>\n\t\t\t<\/div>\n\t\t\t\t\t\n\t\t\t\t\t\t<div class=\"hotspot-info \" id=\"hotspot-hotspot-7809-15\">\n\t\t\t\t\n\t\t\t\t<h2 class=\"hotspot-title\">Espace change et douche<\/h2>\t\t\t\t\t\t\t\t<div class=\"hotspot-content\">\n\t\t\t\t\t<p>Des espaces fonctionnels et \u00e9l\u00e9gants, con\u00e7us pour allier confort, intimit\u00e9 et praticit\u00e9. Les vestiaires et douches offrent un cadre soign\u00e9 aux lignes \u00e9pur\u00e9es, o\u00f9 chaque d\u00e9tail est pens\u00e9 pour faciliter le parcours client. Une atmosph\u00e8re apaisante qui prolonge naturellement l\u2019exp\u00e9rience bien-\u00eatre d\u00e8s les premi\u00e8res \u00e9tapes.<\/p>\n\t\t\t\t<\/div>\n\t\t\t<\/div>\n\t\t\t<\/div>\n\n<\/div>\n\t\t\t\t\t\t<\/div>\n\t\t\t\t<\/div>\n\t\t\t\t<div class=\"elementor-element elementor-element-911a6a5 elementor-widget elementor-widget-spacer\" data-id=\"911a6a5\" data-element_type=\"widget\" data-e-type=\"widget\" data-widget_type=\"spacer.default\">\n\t\t\t\t\t\t\t<div class=\"elementor-spacer\">\n\t\t\t<div class=\"elementor-spacer-inner\"><\/div>\n\t\t<\/div>\n\t\t\t\t\t\t<\/div>\n\t\t\t\t<\/div>\n\t\t\t\t<\/div>\n\t\t<div class=\"elementor-element elementor-element-66baa5c e-flex e-con-boxed e-con e-parent\" data-id=\"66baa5c\" data-element_type=\"container\" data-e-type=\"container\">\n\t\t\t\t\t<div class=\"e-con-inner\">\n\t\t<div class=\"elementor-element elementor-element-62de159 e-con-full e-flex e-con e-child\" data-id=\"62de159\" data-element_type=\"container\" data-e-type=\"container\">\n\t\t\t\t<div class=\"elementor-element elementor-element-9927edc elementor-widget elementor-widget-heading\" data-id=\"9927edc\" data-element_type=\"widget\" data-e-type=\"widget\" data-widget_type=\"heading.default\">\n\t\t\t\t\t<h2 class=\"elementor-heading-title elementor-size-default\">Ein Familienhaus mit Blick auf den Ozean<\/h2>\t\t\t\t<\/div>\n\t\t\t\t<div class=\"elementor-element elementor-element-c382757 elementor-widget elementor-widget-text-editor\" data-id=\"c382757\" data-element_type=\"widget\" data-e-type=\"widget\" data-widget_type=\"text-editor.default\">\n\t\t\t\t\t\t\t\t\t<p>Dieser Umbau ist Teil einer umfassenderen Vision, die vom Studio MHNA verfolgt wird: die eines gro\u00dfz\u00fcgigen, lichtdurchfluteten und gem\u00fctlichen Anwesens an der baskischen K\u00fcste.<\/p><p>Die von Patrick Ribes gestalteten Zimmer und Suiten vermitteln dieses Gef\u00fchl von Komfort und Gelassenheit, gepr\u00e4gt von Art-d\u00e9co-Einfl\u00fcssen und edlen Materialien.<\/p>\t\t\t\t\t\t\t\t<\/div>\n\t\t\t\t<div class=\"elementor-element elementor-element-d379b96 elementor-widget elementor-widget-spacer\" data-id=\"d379b96\" data-element_type=\"widget\" data-e-type=\"widget\" data-widget_type=\"spacer.default\">\n\t\t\t\t\t\t\t<div class=\"elementor-spacer\">\n\t\t\t<div class=\"elementor-spacer-inner\"><\/div>\n\t\t<\/div>\n\t\t\t\t\t\t<\/div>\n\t\t\t\t<div class=\"elementor-element elementor-element-4963c01 elementor-widget elementor-widget-heading\" data-id=\"4963c01\" data-element_type=\"widget\" data-e-type=\"widget\" data-widget_type=\"heading.default\">\n\t\t\t\t\t<h2 class=\"elementor-heading-title elementor-size-default\">Ein Reiseziel zwischen Meer und Lebensart<\/h2>\t\t\t\t<\/div>\n\t\t\t\t<div class=\"elementor-element elementor-element-67156d0 elementor-widget elementor-widget-text-editor\" data-id=\"67156d0\" data-element_type=\"widget\" data-e-type=\"widget\" data-widget_type=\"text-editor.default\">\n\t\t\t\t\t\t\t\t\t<p>Im Restaurant Aho Fina zelebriert die K\u00fcche die baskischen Aromen zwischen Land und Meer, w\u00e4hrend die Bar Le Clipper dazu einl\u00e4dt, das Erlebnis mit Blick auf den Ozean fortzusetzen.<\/p><p>Zwischen Wellness, Gastronomie und Aktivit\u00e4ten im Freien bietet das Grand H\u00f4tel ein umfassendes Eintauchen in die baskische Lebensart.<\/p>\t\t\t\t\t\t\t\t<\/div>\n\t\t\t\t<div class=\"elementor-element elementor-element-8b8ef39 elementor-widget elementor-widget-spacer\" data-id=\"8b8ef39\" data-element_type=\"widget\" data-e-type=\"widget\" data-widget_type=\"spacer.default\">\n\t\t\t\t\t\t\t<div class=\"elementor-spacer\">\n\t\t\t<div class=\"elementor-spacer-inner\"><\/div>\n\t\t<\/div>\n\t\t\t\t\t\t<\/div>\n\t\t\t\t<\/div>\n\t\t\t\t\t<\/div>\n\t\t\t\t<\/div>\n\t\t\t\t<\/div>\n\t\t","protected":false},"excerpt":{"rendered":"<p>Mit Blick auf die Bucht von Saint-Jean-de-Luz pr\u00e4sentiert sich das Grand H\u00f4tel Thalasso &#038; Spa in neuem Gewand: ein neu interpretiertes Familienhotel, das Tradition, Design und maritimes Wohlbefinden vereint.<\/p>\n","protected":false},"author":2,"featured_media":9206,"comment_status":"closed","ping_status":"closed","sticky":false,"template":"elementor_theme","format":"standard","meta":{"_acf_changed":false,"footnotes":"","_members_access_role":[],"_members_access_error":""},"categories":[79],"tags":[],"class_list":["post-9205","post","type-post","status-publish","format-standard","has-post-thumbnail","hentry","category-das-leben-im-hotel"],"acf":[],"yoast_head":"<!-- This site is optimized with the Yoast SEO plugin v28.4 - https:\/\/yoast.com\/product\/yoast-seo-wordpress\/ -->\n<title>Wiederer\u00f6ffnung des Grand H\u00f4tel Spa &amp; Thalasso - Luz Grand Hotel<\/title>\n<meta name=\"robots\" content=\"index, follow, max-snippet:-1, max-image-preview:large, max-video-preview:-1\" \/>\n<link rel=\"canonical\" href=\"https:\/\/luzgrandhotel.fr\/de\/wiedereroffnung-des-grand-hotel-spa-thalasso\/\" \/>\n<meta property=\"og:locale\" content=\"de_DE\" \/>\n<meta property=\"og:type\" content=\"article\" \/>\n<meta property=\"og:title\" content=\"Wiederer\u00f6ffnung des Grand H\u00f4tel Spa &amp; Thalasso - Luz Grand Hotel\" \/>\n<meta property=\"og:description\" content=\"Mit Blick auf die Bucht von Saint-Jean-de-Luz pr\u00e4sentiert sich das Grand H\u00f4tel Thalasso &amp; Spa in neuem Gewand: ein neu interpretiertes Familienhotel, das Tradition, Design und maritimes Wohlbefinden vereint.\" \/>\n<meta property=\"og:url\" content=\"https:\/\/luzgrandhotel.fr\/de\/wiedereroffnung-des-grand-hotel-spa-thalasso\/\" \/>\n<meta property=\"og:site_name\" content=\"Luz Grand Hotel\" \/>\n<meta property=\"article:publisher\" content=\"https:\/\/www.facebook.com\/luzgrandhotel\/\" \/>\n<meta property=\"article:published_time\" content=\"2026-04-20T15:24:46+00:00\" \/>\n<meta property=\"article:modified_time\" content=\"2026-09-04T13:35:37+00:00\" \/>\n<meta property=\"og:image\" content=\"https:\/\/luzgrandhotel.fr\/wp-content\/uploads\/2026\/04\/reouverture-grand-hotel-spa-thalasso.jpg\" \/>\n\t<meta property=\"og:image:width\" content=\"1920\" \/>\n\t<meta property=\"og:image:height\" content=\"1080\" \/>\n\t<meta property=\"og:image:type\" content=\"image\/jpeg\" \/>\n<meta name=\"author\" content=\"Canelle Castro\" \/>\n<meta name=\"twitter:card\" content=\"summary_large_image\" \/>\n<meta name=\"twitter:label1\" content=\"Verfasst von\" \/>\n\t<meta name=\"twitter:data1\" content=\"Canelle Castro\" \/>\n\t<meta name=\"twitter:label2\" content=\"Gesch\u00e4tzte Lesezeit\" \/>\n\t<meta name=\"twitter:data2\" content=\"2 Minuten\" \/>\n<script type=\"application\/ld+json\" class=\"yoast-schema-graph\">{\"@context\":\"https:\\\/\\\/schema.org\",\"@graph\":[{\"@type\":\"Article\",\"@id\":\"https:\\\/\\\/luzgrandhotel.fr\\\/de\\\/wiedereroffnung-des-grand-hotel-spa-thalasso\\\/#article\",\"isPartOf\":{\"@id\":\"https:\\\/\\\/luzgrandhotel.fr\\\/de\\\/wiedereroffnung-des-grand-hotel-spa-thalasso\\\/\"},\"author\":{\"name\":\"Canelle Castro\",\"@id\":\"https:\\\/\\\/luzgrandhotel.fr\\\/de\\\/#\\\/schema\\\/person\\\/a7f254e4bbc2b602a7ad397ef59dac62\"},\"headline\":\"Wiederer\u00f6ffnung des Grand H\u00f4tel Spa &#038; Thalasso\",\"datePublished\":\"2026-04-20T15:24:46+00:00\",\"dateModified\":\"2026-09-04T13:35:37+00:00\",\"mainEntityOfPage\":{\"@id\":\"https:\\\/\\\/luzgrandhotel.fr\\\/de\\\/wiedereroffnung-des-grand-hotel-spa-thalasso\\\/\"},\"wordCount\":411,\"publisher\":{\"@id\":\"https:\\\/\\\/luzgrandhotel.fr\\\/de\\\/#organization\"},\"image\":{\"@id\":\"https:\\\/\\\/luzgrandhotel.fr\\\/de\\\/wiedereroffnung-des-grand-hotel-spa-thalasso\\\/#primaryimage\"},\"thumbnailUrl\":\"https:\\\/\\\/luzgrandhotel.fr\\\/wp-content\\\/uploads\\\/2026\\\/04\\\/reouverture-grand-hotel-spa-thalasso.jpg\",\"articleSection\":[\"Das Leben im Hotel\"],\"inLanguage\":\"de\"},{\"@type\":\"WebPage\",\"@id\":\"https:\\\/\\\/luzgrandhotel.fr\\\/de\\\/wiedereroffnung-des-grand-hotel-spa-thalasso\\\/\",\"url\":\"https:\\\/\\\/luzgrandhotel.fr\\\/de\\\/wiedereroffnung-des-grand-hotel-spa-thalasso\\\/\",\"name\":\"Wiederer\u00f6ffnung des Grand H\u00f4tel Spa & Thalasso - Luz Grand Hotel\",\"isPartOf\":{\"@id\":\"https:\\\/\\\/luzgrandhotel.fr\\\/de\\\/#website\"},\"primaryImageOfPage\":{\"@id\":\"https:\\\/\\\/luzgrandhotel.fr\\\/de\\\/wiedereroffnung-des-grand-hotel-spa-thalasso\\\/#primaryimage\"},\"image\":{\"@id\":\"https:\\\/\\\/luzgrandhotel.fr\\\/de\\\/wiedereroffnung-des-grand-hotel-spa-thalasso\\\/#primaryimage\"},\"thumbnailUrl\":\"https:\\\/\\\/luzgrandhotel.fr\\\/wp-content\\\/uploads\\\/2026\\\/04\\\/reouverture-grand-hotel-spa-thalasso.jpg\",\"datePublished\":\"2026-04-20T15:24:46+00:00\",\"dateModified\":\"2026-09-04T13:35:37+00:00\",\"breadcrumb\":{\"@id\":\"https:\\\/\\\/luzgrandhotel.fr\\\/de\\\/wiedereroffnung-des-grand-hotel-spa-thalasso\\\/#breadcrumb\"},\"inLanguage\":\"de\",\"potentialAction\":[{\"@type\":\"ReadAction\",\"target\":[\"https:\\\/\\\/luzgrandhotel.fr\\\/de\\\/wiedereroffnung-des-grand-hotel-spa-thalasso\\\/\"]}]},{\"@type\":\"ImageObject\",\"inLanguage\":\"de\",\"@id\":\"https:\\\/\\\/luzgrandhotel.fr\\\/de\\\/wiedereroffnung-des-grand-hotel-spa-thalasso\\\/#primaryimage\",\"url\":\"https:\\\/\\\/luzgrandhotel.fr\\\/wp-content\\\/uploads\\\/2026\\\/04\\\/reouverture-grand-hotel-spa-thalasso.jpg\",\"contentUrl\":\"https:\\\/\\\/luzgrandhotel.fr\\\/wp-content\\\/uploads\\\/2026\\\/04\\\/reouverture-grand-hotel-spa-thalasso.jpg\",\"width\":1920,\"height\":1080,\"caption\":\"Wiederer\u00f6ffnung des Grand-Hotels mit Spa und Thalasso-Anlage\"},{\"@type\":\"BreadcrumbList\",\"@id\":\"https:\\\/\\\/luzgrandhotel.fr\\\/de\\\/wiedereroffnung-des-grand-hotel-spa-thalasso\\\/#breadcrumb\",\"itemListElement\":[{\"@type\":\"ListItem\",\"position\":1,\"name\":\"Accueil\",\"item\":\"https:\\\/\\\/luzgrandhotel.fr\\\/de\\\/startseite\\\/\"},{\"@type\":\"ListItem\",\"position\":2,\"name\":\"Wiederer\u00f6ffnung des Grand H\u00f4tel Spa &#038; Thalasso\"}]},{\"@type\":\"WebSite\",\"@id\":\"https:\\\/\\\/luzgrandhotel.fr\\\/de\\\/#website\",\"url\":\"https:\\\/\\\/luzgrandhotel.fr\\\/de\\\/\",\"name\":\"Luz Grand Hotel\",\"description\":\"\",\"publisher\":{\"@id\":\"https:\\\/\\\/luzgrandhotel.fr\\\/de\\\/#organization\"},\"potentialAction\":[{\"@type\":\"SearchAction\",\"target\":{\"@type\":\"EntryPoint\",\"urlTemplate\":\"https:\\\/\\\/luzgrandhotel.fr\\\/de\\\/?s={search_term_string}\"},\"query-input\":{\"@type\":\"PropertyValueSpecification\",\"valueRequired\":true,\"valueName\":\"search_term_string\"}}],\"inLanguage\":\"de\"},{\"@type\":\"Organization\",\"@id\":\"https:\\\/\\\/luzgrandhotel.fr\\\/de\\\/#organization\",\"name\":\"Luz Grand Hotel\",\"url\":\"https:\\\/\\\/luzgrandhotel.fr\\\/de\\\/\",\"logo\":{\"@type\":\"ImageObject\",\"inLanguage\":\"de\",\"@id\":\"https:\\\/\\\/luzgrandhotel.fr\\\/de\\\/#\\\/schema\\\/logo\\\/image\\\/\",\"url\":\"https:\\\/\\\/luzgrandhotel.fr\\\/wp-content\\\/uploads\\\/2025\\\/04\\\/logo-grand-hotel-luz.svg\",\"contentUrl\":\"https:\\\/\\\/luzgrandhotel.fr\\\/wp-content\\\/uploads\\\/2025\\\/04\\\/logo-grand-hotel-luz.svg\",\"caption\":\"Luz Grand Hotel\"},\"image\":{\"@id\":\"https:\\\/\\\/luzgrandhotel.fr\\\/de\\\/#\\\/schema\\\/logo\\\/image\\\/\"},\"sameAs\":[\"https:\\\/\\\/www.facebook.com\\\/luzgrandhotel\\\/\",\"https:\\\/\\\/www.instagram.com\\\/luzgrandhotel\\\/\",\"https:\\\/\\\/www.linkedin.com\\\/company\\\/72327768\\\/admin\\\/dashboard\\\/\"]},{\"@type\":\"Person\",\"@id\":\"https:\\\/\\\/luzgrandhotel.fr\\\/de\\\/#\\\/schema\\\/person\\\/a7f254e4bbc2b602a7ad397ef59dac62\",\"name\":\"Canelle Castro\",\"image\":{\"@type\":\"ImageObject\",\"inLanguage\":\"de\",\"@id\":\"https:\\\/\\\/secure.gravatar.com\\\/avatar\\\/004c25f87c5c49db93b68ca95ff2d411f8ac601856c68a5c309bd68e0ea73ab9?s=96&d=mm&r=g\",\"url\":\"https:\\\/\\\/secure.gravatar.com\\\/avatar\\\/004c25f87c5c49db93b68ca95ff2d411f8ac601856c68a5c309bd68e0ea73ab9?s=96&d=mm&r=g\",\"contentUrl\":\"https:\\\/\\\/secure.gravatar.com\\\/avatar\\\/004c25f87c5c49db93b68ca95ff2d411f8ac601856c68a5c309bd68e0ea73ab9?s=96&d=mm&r=g\",\"caption\":\"Canelle Castro\"}}]}<\/script>\n<!-- \/ Yoast SEO plugin. -->","yoast_head_json":{"title":"Wiederer\u00f6ffnung des Grand H\u00f4tel Spa & Thalasso - Luz Grand Hotel","robots":{"index":"index","follow":"follow","max-snippet":"max-snippet:-1","max-image-preview":"max-image-preview:large","max-video-preview":"max-video-preview:-1"},"canonical":"https:\/\/luzgrandhotel.fr\/de\/wiedereroffnung-des-grand-hotel-spa-thalasso\/","og_locale":"de_DE","og_type":"article","og_title":"Wiederer\u00f6ffnung des Grand H\u00f4tel Spa & Thalasso - Luz Grand Hotel","og_description":"Mit Blick auf die Bucht von Saint-Jean-de-Luz pr\u00e4sentiert sich das Grand H\u00f4tel Thalasso & Spa in neuem Gewand: ein neu interpretiertes Familienhotel, das Tradition, Design und maritimes Wohlbefinden vereint.","og_url":"https:\/\/luzgrandhotel.fr\/de\/wiedereroffnung-des-grand-hotel-spa-thalasso\/","og_site_name":"Luz Grand Hotel","article_publisher":"https:\/\/www.facebook.com\/luzgrandhotel\/","article_published_time":"2026-04-20T15:24:46+00:00","article_modified_time":"2026-09-04T13:35:37+00:00","og_image":[{"width":1920,"height":1080,"url":"https:\/\/luzgrandhotel.fr\/wp-content\/uploads\/2026\/04\/reouverture-grand-hotel-spa-thalasso.jpg","type":"image\/jpeg"}],"author":"Canelle Castro","twitter_card":"summary_large_image","twitter_misc":{"Verfasst von":"Canelle Castro","Gesch\u00e4tzte Lesezeit":"2 Minuten"},"schema":{"@context":"https:\/\/schema.org","@graph":[{"@type":"Article","@id":"https:\/\/luzgrandhotel.fr\/de\/wiedereroffnung-des-grand-hotel-spa-thalasso\/#article","isPartOf":{"@id":"https:\/\/luzgrandhotel.fr\/de\/wiedereroffnung-des-grand-hotel-spa-thalasso\/"},"author":{"name":"Canelle Castro","@id":"https:\/\/luzgrandhotel.fr\/de\/#\/schema\/person\/a7f254e4bbc2b602a7ad397ef59dac62"},"headline":"Wiederer\u00f6ffnung des Grand H\u00f4tel Spa &#038; Thalasso","datePublished":"2026-04-20T15:24:46+00:00","dateModified":"2026-09-04T13:35:37+00:00","mainEntityOfPage":{"@id":"https:\/\/luzgrandhotel.fr\/de\/wiedereroffnung-des-grand-hotel-spa-thalasso\/"},"wordCount":411,"publisher":{"@id":"https:\/\/luzgrandhotel.fr\/de\/#organization"},"image":{"@id":"https:\/\/luzgrandhotel.fr\/de\/wiedereroffnung-des-grand-hotel-spa-thalasso\/#primaryimage"},"thumbnailUrl":"https:\/\/luzgrandhotel.fr\/wp-content\/uploads\/2026\/04\/reouverture-grand-hotel-spa-thalasso.jpg","articleSection":["Das Leben im Hotel"],"inLanguage":"de"},{"@type":"WebPage","@id":"https:\/\/luzgrandhotel.fr\/de\/wiedereroffnung-des-grand-hotel-spa-thalasso\/","url":"https:\/\/luzgrandhotel.fr\/de\/wiedereroffnung-des-grand-hotel-spa-thalasso\/","name":"Wiederer\u00f6ffnung des Grand H\u00f4tel Spa & Thalasso - Luz Grand Hotel","isPartOf":{"@id":"https:\/\/luzgrandhotel.fr\/de\/#website"},"primaryImageOfPage":{"@id":"https:\/\/luzgrandhotel.fr\/de\/wiedereroffnung-des-grand-hotel-spa-thalasso\/#primaryimage"},"image":{"@id":"https:\/\/luzgrandhotel.fr\/de\/wiedereroffnung-des-grand-hotel-spa-thalasso\/#primaryimage"},"thumbnailUrl":"https:\/\/luzgrandhotel.fr\/wp-content\/uploads\/2026\/04\/reouverture-grand-hotel-spa-thalasso.jpg","datePublished":"2026-04-20T15:24:46+00:00","dateModified":"2026-09-04T13:35:37+00:00","breadcrumb":{"@id":"https:\/\/luzgrandhotel.fr\/de\/wiedereroffnung-des-grand-hotel-spa-thalasso\/#breadcrumb"},"inLanguage":"de","potentialAction":[{"@type":"ReadAction","target":["https:\/\/luzgrandhotel.fr\/de\/wiedereroffnung-des-grand-hotel-spa-thalasso\/"]}]},{"@type":"ImageObject","inLanguage":"de","@id":"https:\/\/luzgrandhotel.fr\/de\/wiedereroffnung-des-grand-hotel-spa-thalasso\/#primaryimage","url":"https:\/\/luzgrandhotel.fr\/wp-content\/uploads\/2026\/04\/reouverture-grand-hotel-spa-thalasso.jpg","contentUrl":"https:\/\/luzgrandhotel.fr\/wp-content\/uploads\/2026\/04\/reouverture-grand-hotel-spa-thalasso.jpg","width":1920,"height":1080,"caption":"Wiederer\u00f6ffnung des Grand-Hotels mit Spa und Thalasso-Anlage"},{"@type":"BreadcrumbList","@id":"https:\/\/luzgrandhotel.fr\/de\/wiedereroffnung-des-grand-hotel-spa-thalasso\/#breadcrumb","itemListElement":[{"@type":"ListItem","position":1,"name":"Accueil","item":"https:\/\/luzgrandhotel.fr\/de\/startseite\/"},{"@type":"ListItem","position":2,"name":"Wiederer\u00f6ffnung des Grand H\u00f4tel Spa &#038; Thalasso"}]},{"@type":"WebSite","@id":"https:\/\/luzgrandhotel.fr\/de\/#website","url":"https:\/\/luzgrandhotel.fr\/de\/","name":"Luz Grand Hotel","description":"","publisher":{"@id":"https:\/\/luzgrandhotel.fr\/de\/#organization"},"potentialAction":[{"@type":"SearchAction","target":{"@type":"EntryPoint","urlTemplate":"https:\/\/luzgrandhotel.fr\/de\/?s={search_term_string}"},"query-input":{"@type":"PropertyValueSpecification","valueRequired":true,"valueName":"search_term_string"}}],"inLanguage":"de"},{"@type":"Organization","@id":"https:\/\/luzgrandhotel.fr\/de\/#organization","name":"Luz Grand Hotel","url":"https:\/\/luzgrandhotel.fr\/de\/","logo":{"@type":"ImageObject","inLanguage":"de","@id":"https:\/\/luzgrandhotel.fr\/de\/#\/schema\/logo\/image\/","url":"https:\/\/luzgrandhotel.fr\/wp-content\/uploads\/2025\/04\/logo-grand-hotel-luz.svg","contentUrl":"https:\/\/luzgrandhotel.fr\/wp-content\/uploads\/2025\/04\/logo-grand-hotel-luz.svg","caption":"Luz Grand Hotel"},"image":{"@id":"https:\/\/luzgrandhotel.fr\/de\/#\/schema\/logo\/image\/"},"sameAs":["https:\/\/www.facebook.com\/luzgrandhotel\/","https:\/\/www.instagram.com\/luzgrandhotel\/","https:\/\/www.linkedin.com\/company\/72327768\/admin\/dashboard\/"]},{"@type":"Person","@id":"https:\/\/luzgrandhotel.fr\/de\/#\/schema\/person\/a7f254e4bbc2b602a7ad397ef59dac62","name":"Canelle Castro","image":{"@type":"ImageObject","inLanguage":"de","@id":"https:\/\/secure.gravatar.com\/avatar\/004c25f87c5c49db93b68ca95ff2d411f8ac601856c68a5c309bd68e0ea73ab9?s=96&d=mm&r=g","url":"https:\/\/secure.gravatar.com\/avatar\/004c25f87c5c49db93b68ca95ff2d411f8ac601856c68a5c309bd68e0ea73ab9?s=96&d=mm&r=g","contentUrl":"https:\/\/secure.gravatar.com\/avatar\/004c25f87c5c49db93b68ca95ff2d411f8ac601856c68a5c309bd68e0ea73ab9?s=96&d=mm&r=g","caption":"Canelle Castro"}}]}},"_links":{"self":[{"href":"https:\/\/luzgrandhotel.fr\/de\/wp-json\/wp\/v2\/posts\/9205","targetHints":{"allow":["GET"]}}],"collection":[{"href":"https:\/\/luzgrandhotel.fr\/de\/wp-json\/wp\/v2\/posts"}],"about":[{"href":"https:\/\/luzgrandhotel.fr\/de\/wp-json\/wp\/v2\/types\/post"}],"author":[{"embeddable":true,"href":"https:\/\/luzgrandhotel.fr\/de\/wp-json\/wp\/v2\/users\/2"}],"replies":[{"embeddable":true,"href":"https:\/\/luzgrandhotel.fr\/de\/wp-json\/wp\/v2\/comments?post=9205"}],"version-history":[{"count":1,"href":"https:\/\/luzgrandhotel.fr\/de\/wp-json\/wp\/v2\/posts\/9205\/revisions"}],"predecessor-version":[{"id":9213,"href":"https:\/\/luzgrandhotel.fr\/de\/wp-json\/wp\/v2\/posts\/9205\/revisions\/9213"}],"wp:featuredmedia":[{"embeddable":true,"href":"https:\/\/luzgrandhotel.fr\/de\/wp-json\/wp\/v2\/media\/9206"}],"wp:attachment":[{"href":"https:\/\/luzgrandhotel.fr\/de\/wp-json\/wp\/v2\/media?parent=9205"}],"wp:term":[{"taxonomy":"category","embeddable":true,"href":"https:\/\/luzgrandhotel.fr\/de\/wp-json\/wp\/v2\/categories?post=9205"},{"taxonomy":"post_tag","embeddable":true,"href":"https:\/\/luzgrandhotel.fr\/de\/wp-json\/wp\/v2\/tags?post=9205"}],"curies":[{"name":"wp","href":"https:\/\/api.w.org\/{rel}","templated":true}]}}