{"id":9226,"date":"2025-08-18T15:54:13","date_gmt":"2025-08-18T13:54:13","guid":{"rendered":"https:\/\/luzgrandhotel.fr\/ein-sommer-im-rhythmus-des-ozeans\/"},"modified":"2026-09-04T15:35:37","modified_gmt":"2026-09-04T13:35:37","slug":"ein-sommer-im-rhythmus-des-ozeans","status":"publish","type":"post","link":"https:\/\/luzgrandhotel.fr\/de\/ein-sommer-im-rhythmus-des-ozeans\/","title":{"rendered":"Ein Sommer im Rhythmus des Ozeans"},"content":{"rendered":"\t\t<div data-elementor-type=\"wp-post\" data-elementor-id=\"9226\" class=\"elementor elementor-9226 elementor-1594\" data-elementor-post-type=\"post\">\n\t\t\t\t<div class=\"elementor-element elementor-element-4f75024 e-flex e-con-boxed e-con e-parent\" data-id=\"4f75024\" data-element_type=\"container\" data-e-type=\"container\">\n\t\t\t\t\t<div class=\"e-con-inner\">\n\t\t\t\t<div class=\"elementor-element elementor-element-a2c6017 elementor-widget elementor-widget-heading\" data-id=\"a2c6017\" data-element_type=\"widget\" data-e-type=\"widget\" data-widget_type=\"heading.default\">\n\t\t\t\t\t<h2 class=\"elementor-heading-title elementor-size-default\">Die Terrasse des Grand H\u00f4tel Thalasso &amp; Spa verspricht ein abwechslungsreiches Programm<\/h2>\t\t\t\t<\/div>\n\t\t\t\t<div class=\"elementor-element elementor-element-b6615f7 elementor-widget elementor-widget-text-editor\" data-id=\"b6615f7\" data-element_type=\"widget\" data-e-type=\"widget\" data-widget_type=\"text-editor.default\">\n\t\t\t\t\t\t\t\t\t<p>Im Grand H\u00f4tel Thalasso &#038; Spa sind die Sommerabende nicht nur angenehm \u2013 sie werden zu unvergesslichen Erinnerungen. In den jahrhundertealten Mauern des einzigen 5-Sterne-Hotels mit Blick auf die Bucht von Saint-Jean-de-Luz verschmilzt Geschichte mit der Gegenwart. Und wenn die Sonne hinter dem Fort de Socoa untergeht, schwebt Musik durch die Luft und vermischt sich mit dem Rauschen der Wellen. Der Sommer verspricht, unbeschwert zu werden \u2013 fr\u00f6hlich untermalt von Konzerten, au\u00dfergew\u00f6hnlichen Abendessen und Veranstaltungen zur W\u00fcrdigung der lokalen Kultur, die Sie auf der Terrasse des Grand H\u00f4tel Thalasso &#038; Spa genie\u00dfen k\u00f6nnen.   <\/p><h3>Im Grand H\u00f4tel: eine B\u00fchne mit Blick auf den Ozean und au\u00dfergew\u00f6hnliche Abendessen<\/h3><div>W\u00e4hrend der Monate Juli und August verwandelt sich die Terrasse des Grand H\u00f4tel Thalasso &#038; Spa in einen k\u00fcnstlerischen Treffpunkt im Herzen des Baskenlandes. Eine Freiluftb\u00fchne mit Blick auf den Ozean, auf der lokale und aufstrebende Talente intime Sets zwischen Soul, Folk, Pop und Jazz pr\u00e4sentieren. Das Restaurant Aho Fina und seine Terrasse bilden ihrerseits den Rahmen f\u00fcr au\u00dfergew\u00f6hnliche Abendessen, die von K\u00fcchenchef Jonathan Ayme und Konditormeister Laurent Piballeau kreiert werden.  <\/div><div> <\/div><h3>Sommerprogramm im Grand H\u00f4tel Thalasso &#038; Spa<\/h3>\t\t\t\t\t\t\t\t<\/div>\n\t\t\t\t<div class=\"elementor-element elementor-element-0ce7510 elementor-widget elementor-widget-spacer\" data-id=\"0ce7510\" data-element_type=\"widget\" data-e-type=\"widget\" data-widget_type=\"spacer.default\">\n\t\t\t\t\t\t\t<div class=\"elementor-spacer\">\n\t\t\t<div class=\"elementor-spacer-inner\"><\/div>\n\t\t<\/div>\n\t\t\t\t\t\t<\/div>\n\t\t\t\t\t<\/div>\n\t\t\t\t<\/div>\n\t\t<div class=\"elementor-element elementor-element-b8724e7 e-flex e-con-boxed e-con e-parent\" data-id=\"b8724e7\" data-element_type=\"container\" data-e-type=\"container\">\n\t\t\t\t\t<div class=\"e-con-inner\">\n\t\t<div class=\"elementor-element elementor-element-5db4a47 e-con-full e-flex e-con e-child\" data-id=\"5db4a47\" data-element_type=\"container\" data-e-type=\"container\">\n\t\t\t\t<div class=\"elementor-element elementor-element-d138f06 elementor-widget elementor-widget-heading\" data-id=\"d138f06\" data-element_type=\"widget\" data-e-type=\"widget\" data-widget_type=\"heading.default\">\n\t\t\t\t\t<h3 class=\"elementor-heading-title elementor-size-default\">Iris Duo<\/h3>\t\t\t\t<\/div>\n\t\t\t\t<div class=\"elementor-element elementor-element-bd11246 elementor-widget elementor-widget-text-editor\" data-id=\"bd11246\" data-element_type=\"widget\" data-e-type=\"widget\" data-widget_type=\"text-editor.default\">\n\t\t\t\t\t\t\t\t\t<p><b>Donnerstag, 3. Juli, ab 18:30 Uhr<\/b> \u2013 Konzert<\/p>\n<p>Xavier Mallet und Xanti Legarto bilden gemeinsam die Indie-Folk-Band Iris. Dieses Duo pr\u00e4sentiert ein Repertoire mit Pop-Einfl\u00fcssen, das mit Gesang, Kontrabass und Gitarre interpretiert wird. <\/p>\t\t\t\t\t\t\t\t<\/div>\n\t\t\t\t<div class=\"elementor-element elementor-element-37abe4b elementor-widget-divider--view-line elementor-widget elementor-widget-divider\" data-id=\"37abe4b\" data-element_type=\"widget\" data-e-type=\"widget\" data-widget_type=\"divider.default\">\n\t\t\t\t\t\t\t<div class=\"elementor-divider\">\n\t\t\t<span class=\"elementor-divider-separator\">\n\t\t\t\t\t\t<\/span>\n\t\t<\/div>\n\t\t\t\t\t\t<\/div>\n\t\t<div class=\"elementor-element elementor-element-d36268b e-con-full e-flex e-con e-child\" data-id=\"d36268b\" data-element_type=\"container\" data-e-type=\"container\">\n\t\t\t\t<div class=\"elementor-element elementor-element-0c910dd elementor-widget elementor-widget-heading\" data-id=\"0c910dd\" data-element_type=\"widget\" data-e-type=\"widget\" data-widget_type=\"heading.default\">\n\t\t\t\t\t<h3 class=\"elementor-heading-title elementor-size-default\">Palisander<\/h3>\t\t\t\t<\/div>\n\t\t\t\t<div class=\"elementor-element elementor-element-238cd3f elementor-widget elementor-widget-text-editor\" data-id=\"238cd3f\" data-element_type=\"widget\" data-e-type=\"widget\" data-widget_type=\"text-editor.default\">\n\t\t\t\t\t\t\t\t\t<p><b>Donnerstag, 10. Juli, ab 18:30 Uhr<\/b> \u2013 Konzert<\/p><p>Mit einem Hauch von Folk in ihrem Pop-Rock-Repertoire interpretiert Rosewood die sch\u00f6nsten internationalen Titel in einer akustischen Version neu.<\/p>\t\t\t\t\t\t\t\t<\/div>\n\t\t\t\t<div class=\"elementor-element elementor-element-7c3e92a elementor-widget-divider--view-line elementor-widget elementor-widget-divider\" data-id=\"7c3e92a\" data-element_type=\"widget\" data-e-type=\"widget\" data-widget_type=\"divider.default\">\n\t\t\t\t\t\t\t<div class=\"elementor-divider\">\n\t\t\t<span class=\"elementor-divider-separator\">\n\t\t\t\t\t\t<\/span>\n\t\t<\/div>\n\t\t\t\t\t\t<\/div>\n\t\t\t\t<\/div>\n\t\t<div class=\"elementor-element elementor-element-1d03988 e-con-full e-flex e-con e-child\" data-id=\"1d03988\" data-element_type=\"container\" data-e-type=\"container\">\n\t\t\t\t<div class=\"elementor-element elementor-element-61fdca0 elementor-widget elementor-widget-heading\" data-id=\"61fdca0\" data-element_type=\"widget\" data-e-type=\"widget\" data-widget_type=\"heading.default\">\n\t\t\t\t\t<h3 class=\"elementor-heading-title elementor-size-default\">Nationalfeiertag im Restaurant Aho Fina<\/h3>\t\t\t\t<\/div>\n\t\t\t\t<div class=\"elementor-element elementor-element-8b1fabe elementor-widget elementor-widget-text-editor\" data-id=\"8b1fabe\" data-element_type=\"widget\" data-e-type=\"widget\" data-widget_type=\"text-editor.default\">\n\t\t\t\t\t\t\t\t\t<p><b>Montag, 14. Juli, ab 20:00 Uhr<\/b> \u2013 Ein au\u00dfergew\u00f6hnliches Abendessen<\/p><p>Ein gastronomischer Abend im Restaurant Aho Fina, gefolgt vom Feuerwerk, das Sie von der Terrasse des Grand H\u00f4tel aus genie\u00dfen k\u00f6nnen \u2013 einem der besten Aussichtspunkte der Stadt. Preise: 115 \u20ac pro Person, ohne Getr\u00e4nke, inklusive Amuse-Bouche, Vorspeise, Hauptgericht, Dessert und kleinen K\u00f6stlichkeiten <\/p>\t\t\t\t\t\t\t\t<\/div>\n\t\t\t\t<div class=\"elementor-element elementor-element-60aa791 elementor-widget-divider--view-line elementor-widget elementor-widget-divider\" data-id=\"60aa791\" data-element_type=\"widget\" data-e-type=\"widget\" data-widget_type=\"divider.default\">\n\t\t\t\t\t\t\t<div class=\"elementor-divider\">\n\t\t\t<span class=\"elementor-divider-separator\">\n\t\t\t\t\t\t<\/span>\n\t\t<\/div>\n\t\t\t\t\t\t<\/div>\n\t\t\t\t<\/div>\n\t\t<div class=\"elementor-element elementor-element-81d88cd e-con-full e-flex e-con e-child\" data-id=\"81d88cd\" data-element_type=\"container\" data-e-type=\"container\">\n\t\t\t\t<div class=\"elementor-element elementor-element-8d77c4d elementor-widget elementor-widget-heading\" data-id=\"8d77c4d\" data-element_type=\"widget\" data-e-type=\"widget\" data-widget_type=\"heading.default\">\n\t\t\t\t\t<h3 class=\"elementor-heading-title elementor-size-default\">Mismoya<\/h3>\t\t\t\t<\/div>\n\t\t\t\t<div class=\"elementor-element elementor-element-4e7b828 elementor-widget elementor-widget-text-editor\" data-id=\"4e7b828\" data-element_type=\"widget\" data-e-type=\"widget\" data-widget_type=\"text-editor.default\">\n\t\t\t\t\t\t\t\t\t<p><b>Donnerstag, 17. Juli, ab 18:30 Uhr<\/b> \u2013 Konzert<\/p><p>MISMOYA entstand aus der Begegnung zweier Welten an einem Sommerabend bei einer Gitarre und ist ein Duo, das franz\u00f6sische und internationale Schlager in akustischer Version interpretiert.<\/p>\t\t\t\t\t\t\t\t<\/div>\n\t\t\t\t<div class=\"elementor-element elementor-element-b4f9e8e elementor-widget-divider--view-line elementor-widget elementor-widget-divider\" data-id=\"b4f9e8e\" data-element_type=\"widget\" data-e-type=\"widget\" data-widget_type=\"divider.default\">\n\t\t\t\t\t\t\t<div class=\"elementor-divider\">\n\t\t\t<span class=\"elementor-divider-separator\">\n\t\t\t\t\t\t<\/span>\n\t\t<\/div>\n\t\t\t\t\t\t<\/div>\n\t\t\t\t<\/div>\n\t\t<div class=\"elementor-element elementor-element-d49ba85 e-con-full e-flex e-con e-child\" data-id=\"d49ba85\" data-element_type=\"container\" data-e-type=\"container\">\n\t\t\t\t<div class=\"elementor-element elementor-element-7848d83 elementor-widget elementor-widget-heading\" data-id=\"7848d83\" data-element_type=\"widget\" data-e-type=\"widget\" data-widget_type=\"heading.default\">\n\t\t\t\t\t<h3 class=\"elementor-heading-title elementor-size-default\">Tiger Finkel<\/h3>\t\t\t\t<\/div>\n\t\t\t\t<div class=\"elementor-element elementor-element-b02cac3 elementor-widget elementor-widget-text-editor\" data-id=\"b02cac3\" data-element_type=\"widget\" data-e-type=\"widget\" data-widget_type=\"text-editor.default\">\n\t\t\t\t\t\t\t\t\t<p><b>Donnerstag, 24. Juli, ab 18:30 Uhr<\/b> \u2013 Konzert<\/p><p>Mit mitrei\u00dfenden Indie-Pop-Beats und einer kraftvollen Stimme pr\u00e4sentiert Tiger Finkel Titel, die er selbst komponiert und interpretiert.<\/p>\t\t\t\t\t\t\t\t<\/div>\n\t\t\t\t<div class=\"elementor-element elementor-element-1afb879 elementor-widget-divider--view-line elementor-widget elementor-widget-divider\" data-id=\"1afb879\" data-element_type=\"widget\" data-e-type=\"widget\" data-widget_type=\"divider.default\">\n\t\t\t\t\t\t\t<div class=\"elementor-divider\">\n\t\t\t<span class=\"elementor-divider-separator\">\n\t\t\t\t\t\t<\/span>\n\t\t<\/div>\n\t\t\t\t\t\t<\/div>\n\t\t\t\t<\/div>\n\t\t<div class=\"elementor-element elementor-element-02ae56c e-con-full e-flex e-con e-child\" data-id=\"02ae56c\" data-element_type=\"container\" data-e-type=\"container\">\n\t\t\t\t<div class=\"elementor-element elementor-element-67a8e0f elementor-widget elementor-widget-heading\" data-id=\"67a8e0f\" data-element_type=\"widget\" data-e-type=\"widget\" data-widget_type=\"heading.default\">\n\t\t\t\t\t<h3 class=\"elementor-heading-title elementor-size-default\">LightsN'Coffee<\/h3>\t\t\t\t<\/div>\n\t\t\t\t<div class=\"elementor-element elementor-element-427eca4 elementor-widget elementor-widget-text-editor\" data-id=\"427eca4\" data-element_type=\"widget\" data-e-type=\"widget\" data-widget_type=\"text-editor.default\">\n\t\t\t\t\t\t\t\t\t<p><b>Donnerstag, 31. Juli, ab 18:30 Uhr<\/b> \u2013 Konzert<\/p><p>Sanftheit, Groove und ein perfekter Soundtrack f\u00fcr Sommerabende \u2013 Lights n\u2019Coffee ist ein akustisches Pop-Funk-\/Soul-Duo mit internationalem Flair.<\/p>\t\t\t\t\t\t\t\t<\/div>\n\t\t\t\t<div class=\"elementor-element elementor-element-428040c elementor-widget-divider--view-line elementor-widget elementor-widget-divider\" data-id=\"428040c\" data-element_type=\"widget\" data-e-type=\"widget\" data-widget_type=\"divider.default\">\n\t\t\t\t\t\t\t<div class=\"elementor-divider\">\n\t\t\t<span class=\"elementor-divider-separator\">\n\t\t\t\t\t\t<\/span>\n\t\t<\/div>\n\t\t\t\t\t\t<\/div>\n\t\t\t\t<\/div>\n\t\t<div class=\"elementor-element elementor-element-bdf38f7 e-con-full e-flex e-con e-child\" data-id=\"bdf38f7\" data-element_type=\"container\" data-e-type=\"container\">\n\t\t\t\t<div class=\"elementor-element elementor-element-d359745 elementor-widget elementor-widget-heading\" data-id=\"d359745\" data-element_type=\"widget\" data-e-type=\"widget\" data-widget_type=\"heading.default\">\n\t\t\t\t\t<h3 class=\"elementor-heading-title elementor-size-default\">M\u2019\u00c2MES\u2019Elles<\/h3>\t\t\t\t<\/div>\n\t\t\t\t<div class=\"elementor-element elementor-element-82ddf3d elementor-widget elementor-widget-text-editor\" data-id=\"82ddf3d\" data-element_type=\"widget\" data-e-type=\"widget\" data-widget_type=\"text-editor.default\">\n\t\t\t\t\t\t\t\t\t<p><b>Donnerstag, 7. August, ab 18:30 Uhr<\/b> \u2013 Konzert<\/p><p>M\u2019\u00c2mes\u2019Elles, ein Frauenduo aus Akustikgitarre und sanfter Stimme, entstand aus der Begegnung zwischen Caroline und Orianne, die beide dieselbe Leidenschaft f\u00fcr die Welt des Soul teilen.<\/p>\t\t\t\t\t\t\t\t<\/div>\n\t\t\t\t<div class=\"elementor-element elementor-element-66ebb26 elementor-widget-divider--view-line elementor-widget elementor-widget-divider\" data-id=\"66ebb26\" data-element_type=\"widget\" data-e-type=\"widget\" data-widget_type=\"divider.default\">\n\t\t\t\t\t\t\t<div class=\"elementor-divider\">\n\t\t\t<span class=\"elementor-divider-separator\">\n\t\t\t\t\t\t<\/span>\n\t\t<\/div>\n\t\t\t\t\t\t<\/div>\n\t\t\t\t<\/div>\n\t\t<div class=\"elementor-element elementor-element-c1364a4 e-con-full e-flex e-con e-child\" data-id=\"c1364a4\" data-element_type=\"container\" data-e-type=\"container\">\n\t\t\t\t<div class=\"elementor-element elementor-element-cf8178d elementor-widget elementor-widget-heading\" data-id=\"cf8178d\" data-element_type=\"widget\" data-e-type=\"widget\" data-widget_type=\"heading.default\">\n\t\t\t\t\t<h3 class=\"elementor-heading-title elementor-size-default\">Erst gestern<\/h3>\t\t\t\t<\/div>\n\t\t\t\t<div class=\"elementor-element elementor-element-48954c8 elementor-widget elementor-widget-text-editor\" data-id=\"48954c8\" data-element_type=\"widget\" data-e-type=\"widget\" data-widget_type=\"text-editor.default\">\n\t\t\t\t\t\t\t\t\t<p><b>Donnerstag, 14. August, ab 18:30 Uhr<\/b> \u2013 Konzert<\/p><p>Wundersch\u00f6ne Einblicke in das Repertoire der franz\u00f6sischen Unterhaltungsmusik mit Neuinterpretationen zeitloser Titel.<\/p>\t\t\t\t\t\t\t\t<\/div>\n\t\t\t\t<div class=\"elementor-element elementor-element-1be1453 elementor-widget-divider--view-line elementor-widget elementor-widget-divider\" data-id=\"1be1453\" data-element_type=\"widget\" data-e-type=\"widget\" data-widget_type=\"divider.default\">\n\t\t\t\t\t\t\t<div class=\"elementor-divider\">\n\t\t\t<span class=\"elementor-divider-separator\">\n\t\t\t\t\t\t<\/span>\n\t\t<\/div>\n\t\t\t\t\t\t<\/div>\n\t\t\t\t<\/div>\n\t\t<div class=\"elementor-element elementor-element-ed56c17 e-con-full e-flex e-con e-child\" data-id=\"ed56c17\" data-element_type=\"container\" data-e-type=\"container\">\n\t\t\t\t<div class=\"elementor-element elementor-element-1744bdc elementor-widget elementor-widget-heading\" data-id=\"1744bdc\" data-element_type=\"widget\" data-e-type=\"widget\" data-widget_type=\"heading.default\">\n\t\t\t\t\t<h3 class=\"elementor-heading-title elementor-size-default\">Summer Beach \u2013 Festlicher Sommerabend auf der Terrasse\n<\/h3>\t\t\t\t<\/div>\n\t\t\t\t<div class=\"elementor-element elementor-element-5833194 elementor-widget elementor-widget-text-editor\" data-id=\"5833194\" data-element_type=\"widget\" data-e-type=\"widget\" data-widget_type=\"text-editor.default\">\n\t\t\t\t\t\t\t\t\t<p><b>Freitag, 15. August, ab 20:00 Uhr<\/b> \u2013 Konzert<\/p><p>Die Gruppe Gipsy Fusion, ein Duo aus Gitarre und Gesang, vereint Virtuosit\u00e4t mit der Leidenschaft f\u00fcr andalusische Rhythmen. Eine bezaubernde musikalische Reise, die Zigeunertradition und zeitgen\u00f6ssische Einfl\u00fcsse miteinander verbindet. <\/p>\t\t\t\t\t\t\t\t<\/div>\n\t\t\t\t<div class=\"elementor-element elementor-element-0bd2708 elementor-widget-divider--view-line elementor-widget elementor-widget-divider\" data-id=\"0bd2708\" data-element_type=\"widget\" data-e-type=\"widget\" data-widget_type=\"divider.default\">\n\t\t\t\t\t\t\t<div class=\"elementor-divider\">\n\t\t\t<span class=\"elementor-divider-separator\">\n\t\t\t\t\t\t<\/span>\n\t\t<\/div>\n\t\t\t\t\t\t<\/div>\n\t\t\t\t<\/div>\n\t\t<div class=\"elementor-element elementor-element-0578aaa e-con-full e-flex e-con e-child\" data-id=\"0578aaa\" data-element_type=\"container\" data-e-type=\"container\">\n\t\t\t\t<div class=\"elementor-element elementor-element-8defcd0 elementor-widget elementor-widget-heading\" data-id=\"8defcd0\" data-element_type=\"widget\" data-e-type=\"widget\" data-widget_type=\"heading.default\">\n\t\t\t\t\t<h3 class=\"elementor-heading-title elementor-size-default\">Melt Duo<\/h3>\t\t\t\t<\/div>\n\t\t\t\t<div class=\"elementor-element elementor-element-a17c905 elementor-widget elementor-widget-text-editor\" data-id=\"a17c905\" data-element_type=\"widget\" data-e-type=\"widget\" data-widget_type=\"text-editor.default\">\n\t\t\t\t\t\t\t\t\t<p><b>Freitag, 15. August, ab 18:30 Uhr<\/b> \u2013 Konzert<\/p><p>Jazz, Soul und Emotionen mit diesem Duo, das franz\u00f6sische Titel als Klavier-Gesangs-Duo interpretiert.<\/p>\t\t\t\t\t\t\t\t<\/div>\n\t\t\t\t<div class=\"elementor-element elementor-element-d421f7f elementor-widget-divider--view-line elementor-widget elementor-widget-divider\" data-id=\"d421f7f\" data-element_type=\"widget\" data-e-type=\"widget\" data-widget_type=\"divider.default\">\n\t\t\t\t\t\t\t<div class=\"elementor-divider\">\n\t\t\t<span class=\"elementor-divider-separator\">\n\t\t\t\t\t\t<\/span>\n\t\t<\/div>\n\t\t\t\t\t\t<\/div>\n\t\t\t\t<\/div>\n\t\t\t\t<\/div>\n\t\t\t\t\t<\/div>\n\t\t\t\t<\/div>\n\t\t\t\t<\/div>\n\t\t","protected":false},"excerpt":{"rendered":"<p>Im Grand H\u00f4tel Thalasso &#038; Spa sind die Sommerabende nicht nur angenehm \u2013 sie werden zu unvergesslichen Erinnerungen. In den jahrhundertealten Mauern des einzigen 5-Sterne-Hotels mit Blick auf die Bucht von Saint-Jean-de-Luz verschmilzt Geschichte mit der Gegenwart. Und wenn die Sonne hinter dem Fort de Socoa untergeht, schwebt Musik durch die Luft und vermischt sich mit dem Rauschen der Wellen. Der Sommer verspricht, unbeschwert zu werden \u2013 fr\u00f6hlich untermalt von Konzerten, au\u00dfergew\u00f6hnlichen Abendessen und Veranstaltungen zur W\u00fcrdigung der lokalen Kultur, die Sie auf der Terrasse des Grand H\u00f4tel Thalasso &#038; Spa genie\u00dfen k\u00f6nnen.   <\/p>\n","protected":false},"author":2,"featured_media":9227,"comment_status":"closed","ping_status":"closed","sticky":false,"template":"elementor_theme","format":"standard","meta":{"_acf_changed":false,"footnotes":"","_members_access_role":[],"_members_access_error":""},"categories":[80],"tags":[],"class_list":["post-9226","post","type-post","status-publish","format-standard","has-post-thumbnail","hentry","category-angebote-veranstaltungen"],"acf":[],"yoast_head":"<!-- This site is optimized with the Yoast SEO plugin v28.4 - https:\/\/yoast.com\/product\/yoast-seo-wordpress\/ -->\n<title>Ein Sommer im Rhythmus des Ozeans - Luz Grand Hotel<\/title>\n<meta name=\"robots\" content=\"index, follow, max-snippet:-1, max-image-preview:large, max-video-preview:-1\" \/>\n<link rel=\"canonical\" href=\"https:\/\/luzgrandhotel.fr\/de\/ein-sommer-im-rhythmus-des-ozeans\/\" \/>\n<meta property=\"og:locale\" content=\"de_DE\" \/>\n<meta property=\"og:type\" content=\"article\" \/>\n<meta property=\"og:title\" content=\"Ein Sommer im Rhythmus des Ozeans - Luz Grand Hotel\" \/>\n<meta property=\"og:description\" content=\"Im Grand H\u00f4tel Thalasso &amp; Spa sind die Sommerabende nicht nur angenehm \u2013 sie werden zu unvergesslichen Erinnerungen. In den jahrhundertealten Mauern des einzigen 5-Sterne-Hotels mit Blick auf die Bucht von Saint-Jean-de-Luz verschmilzt Geschichte mit der Gegenwart. Und wenn die Sonne hinter dem Fort de Socoa untergeht, schwebt Musik durch die Luft und vermischt sich mit dem Rauschen der Wellen. Der Sommer verspricht, unbeschwert zu werden \u2013 fr\u00f6hlich untermalt von Konzerten, au\u00dfergew\u00f6hnlichen Abendessen und Veranstaltungen zur W\u00fcrdigung der lokalen Kultur, die Sie auf der Terrasse des Grand H\u00f4tel Thalasso &amp; Spa genie\u00dfen k\u00f6nnen.\" \/>\n<meta property=\"og:url\" content=\"https:\/\/luzgrandhotel.fr\/de\/ein-sommer-im-rhythmus-des-ozeans\/\" \/>\n<meta property=\"og:site_name\" content=\"Luz Grand Hotel\" \/>\n<meta property=\"article:publisher\" content=\"https:\/\/www.facebook.com\/luzgrandhotel\/\" \/>\n<meta property=\"article:published_time\" content=\"2025-08-18T13:54:13+00:00\" \/>\n<meta property=\"article:modified_time\" content=\"2026-09-04T13:35:37+00:00\" \/>\n<meta property=\"og:image\" content=\"https:\/\/luzgrandhotel.fr\/wp-content\/uploads\/2025\/05\/ghl-programmation-ete-2025.jpg\" \/>\n\t<meta property=\"og:image:width\" content=\"1249\" \/>\n\t<meta property=\"og:image:height\" content=\"839\" \/>\n\t<meta property=\"og:image:type\" content=\"image\/jpeg\" \/>\n<meta name=\"author\" content=\"Canelle Castro\" \/>\n<meta name=\"twitter:card\" content=\"summary_large_image\" \/>\n<meta name=\"twitter:label1\" content=\"Verfasst von\" \/>\n\t<meta name=\"twitter:data1\" content=\"Canelle Castro\" \/>\n\t<meta name=\"twitter:label2\" content=\"Gesch\u00e4tzte Lesezeit\" \/>\n\t<meta name=\"twitter:data2\" content=\"3 Minuten\" \/>\n<script type=\"application\/ld+json\" class=\"yoast-schema-graph\">{\"@context\":\"https:\\\/\\\/schema.org\",\"@graph\":[{\"@type\":\"Article\",\"@id\":\"https:\\\/\\\/luzgrandhotel.fr\\\/de\\\/ein-sommer-im-rhythmus-des-ozeans\\\/#article\",\"isPartOf\":{\"@id\":\"https:\\\/\\\/luzgrandhotel.fr\\\/de\\\/ein-sommer-im-rhythmus-des-ozeans\\\/\"},\"author\":{\"name\":\"Canelle Castro\",\"@id\":\"https:\\\/\\\/luzgrandhotel.fr\\\/de\\\/#\\\/schema\\\/person\\\/a7f254e4bbc2b602a7ad397ef59dac62\"},\"headline\":\"Ein Sommer im Rhythmus des Ozeans\",\"datePublished\":\"2025-08-18T13:54:13+00:00\",\"dateModified\":\"2026-09-04T13:35:37+00:00\",\"mainEntityOfPage\":{\"@id\":\"https:\\\/\\\/luzgrandhotel.fr\\\/de\\\/ein-sommer-im-rhythmus-des-ozeans\\\/\"},\"wordCount\":547,\"publisher\":{\"@id\":\"https:\\\/\\\/luzgrandhotel.fr\\\/de\\\/#organization\"},\"image\":{\"@id\":\"https:\\\/\\\/luzgrandhotel.fr\\\/de\\\/ein-sommer-im-rhythmus-des-ozeans\\\/#primaryimage\"},\"thumbnailUrl\":\"https:\\\/\\\/luzgrandhotel.fr\\\/wp-content\\\/uploads\\\/2025\\\/05\\\/ghl-programmation-ete-2025.jpg\",\"articleSection\":[\"Angebote &amp; Veranstaltungen\"],\"inLanguage\":\"de\"},{\"@type\":\"WebPage\",\"@id\":\"https:\\\/\\\/luzgrandhotel.fr\\\/de\\\/ein-sommer-im-rhythmus-des-ozeans\\\/\",\"url\":\"https:\\\/\\\/luzgrandhotel.fr\\\/de\\\/ein-sommer-im-rhythmus-des-ozeans\\\/\",\"name\":\"Ein Sommer im Rhythmus des Ozeans - Luz Grand Hotel\",\"isPartOf\":{\"@id\":\"https:\\\/\\\/luzgrandhotel.fr\\\/de\\\/#website\"},\"primaryImageOfPage\":{\"@id\":\"https:\\\/\\\/luzgrandhotel.fr\\\/de\\\/ein-sommer-im-rhythmus-des-ozeans\\\/#primaryimage\"},\"image\":{\"@id\":\"https:\\\/\\\/luzgrandhotel.fr\\\/de\\\/ein-sommer-im-rhythmus-des-ozeans\\\/#primaryimage\"},\"thumbnailUrl\":\"https:\\\/\\\/luzgrandhotel.fr\\\/wp-content\\\/uploads\\\/2025\\\/05\\\/ghl-programmation-ete-2025.jpg\",\"datePublished\":\"2025-08-18T13:54:13+00:00\",\"dateModified\":\"2026-09-04T13:35:37+00:00\",\"breadcrumb\":{\"@id\":\"https:\\\/\\\/luzgrandhotel.fr\\\/de\\\/ein-sommer-im-rhythmus-des-ozeans\\\/#breadcrumb\"},\"inLanguage\":\"de\",\"potentialAction\":[{\"@type\":\"ReadAction\",\"target\":[\"https:\\\/\\\/luzgrandhotel.fr\\\/de\\\/ein-sommer-im-rhythmus-des-ozeans\\\/\"]}]},{\"@type\":\"ImageObject\",\"inLanguage\":\"de\",\"@id\":\"https:\\\/\\\/luzgrandhotel.fr\\\/de\\\/ein-sommer-im-rhythmus-des-ozeans\\\/#primaryimage\",\"url\":\"https:\\\/\\\/luzgrandhotel.fr\\\/wp-content\\\/uploads\\\/2025\\\/05\\\/ghl-programmation-ete-2025.jpg\",\"contentUrl\":\"https:\\\/\\\/luzgrandhotel.fr\\\/wp-content\\\/uploads\\\/2025\\\/05\\\/ghl-programmation-ete-2025.jpg\",\"width\":1249,\"height\":839,\"caption\":\"ghl-Sommerprogramm-2025\"},{\"@type\":\"BreadcrumbList\",\"@id\":\"https:\\\/\\\/luzgrandhotel.fr\\\/de\\\/ein-sommer-im-rhythmus-des-ozeans\\\/#breadcrumb\",\"itemListElement\":[{\"@type\":\"ListItem\",\"position\":1,\"name\":\"Accueil\",\"item\":\"https:\\\/\\\/luzgrandhotel.fr\\\/de\\\/startseite\\\/\"},{\"@type\":\"ListItem\",\"position\":2,\"name\":\"Ein Sommer im Rhythmus des Ozeans\"}]},{\"@type\":\"WebSite\",\"@id\":\"https:\\\/\\\/luzgrandhotel.fr\\\/de\\\/#website\",\"url\":\"https:\\\/\\\/luzgrandhotel.fr\\\/de\\\/\",\"name\":\"Luz Grand Hotel\",\"description\":\"\",\"publisher\":{\"@id\":\"https:\\\/\\\/luzgrandhotel.fr\\\/de\\\/#organization\"},\"potentialAction\":[{\"@type\":\"SearchAction\",\"target\":{\"@type\":\"EntryPoint\",\"urlTemplate\":\"https:\\\/\\\/luzgrandhotel.fr\\\/de\\\/?s={search_term_string}\"},\"query-input\":{\"@type\":\"PropertyValueSpecification\",\"valueRequired\":true,\"valueName\":\"search_term_string\"}}],\"inLanguage\":\"de\"},{\"@type\":\"Organization\",\"@id\":\"https:\\\/\\\/luzgrandhotel.fr\\\/de\\\/#organization\",\"name\":\"Luz Grand Hotel\",\"url\":\"https:\\\/\\\/luzgrandhotel.fr\\\/de\\\/\",\"logo\":{\"@type\":\"ImageObject\",\"inLanguage\":\"de\",\"@id\":\"https:\\\/\\\/luzgrandhotel.fr\\\/de\\\/#\\\/schema\\\/logo\\\/image\\\/\",\"url\":\"https:\\\/\\\/luzgrandhotel.fr\\\/wp-content\\\/uploads\\\/2025\\\/04\\\/logo-grand-hotel-luz.svg\",\"contentUrl\":\"https:\\\/\\\/luzgrandhotel.fr\\\/wp-content\\\/uploads\\\/2025\\\/04\\\/logo-grand-hotel-luz.svg\",\"caption\":\"Luz Grand Hotel\"},\"image\":{\"@id\":\"https:\\\/\\\/luzgrandhotel.fr\\\/de\\\/#\\\/schema\\\/logo\\\/image\\\/\"},\"sameAs\":[\"https:\\\/\\\/www.facebook.com\\\/luzgrandhotel\\\/\",\"https:\\\/\\\/www.instagram.com\\\/luzgrandhotel\\\/\",\"https:\\\/\\\/www.linkedin.com\\\/company\\\/72327768\\\/admin\\\/dashboard\\\/\"]},{\"@type\":\"Person\",\"@id\":\"https:\\\/\\\/luzgrandhotel.fr\\\/de\\\/#\\\/schema\\\/person\\\/a7f254e4bbc2b602a7ad397ef59dac62\",\"name\":\"Canelle Castro\",\"image\":{\"@type\":\"ImageObject\",\"inLanguage\":\"de\",\"@id\":\"https:\\\/\\\/secure.gravatar.com\\\/avatar\\\/004c25f87c5c49db93b68ca95ff2d411f8ac601856c68a5c309bd68e0ea73ab9?s=96&d=mm&r=g\",\"url\":\"https:\\\/\\\/secure.gravatar.com\\\/avatar\\\/004c25f87c5c49db93b68ca95ff2d411f8ac601856c68a5c309bd68e0ea73ab9?s=96&d=mm&r=g\",\"contentUrl\":\"https:\\\/\\\/secure.gravatar.com\\\/avatar\\\/004c25f87c5c49db93b68ca95ff2d411f8ac601856c68a5c309bd68e0ea73ab9?s=96&d=mm&r=g\",\"caption\":\"Canelle Castro\"}}]}<\/script>\n<!-- \/ Yoast SEO plugin. -->","yoast_head_json":{"title":"Ein Sommer im Rhythmus des Ozeans - Luz Grand Hotel","robots":{"index":"index","follow":"follow","max-snippet":"max-snippet:-1","max-image-preview":"max-image-preview:large","max-video-preview":"max-video-preview:-1"},"canonical":"https:\/\/luzgrandhotel.fr\/de\/ein-sommer-im-rhythmus-des-ozeans\/","og_locale":"de_DE","og_type":"article","og_title":"Ein Sommer im Rhythmus des Ozeans - Luz Grand Hotel","og_description":"Im Grand H\u00f4tel Thalasso & Spa sind die Sommerabende nicht nur angenehm \u2013 sie werden zu unvergesslichen Erinnerungen. In den jahrhundertealten Mauern des einzigen 5-Sterne-Hotels mit Blick auf die Bucht von Saint-Jean-de-Luz verschmilzt Geschichte mit der Gegenwart. Und wenn die Sonne hinter dem Fort de Socoa untergeht, schwebt Musik durch die Luft und vermischt sich mit dem Rauschen der Wellen. Der Sommer verspricht, unbeschwert zu werden \u2013 fr\u00f6hlich untermalt von Konzerten, au\u00dfergew\u00f6hnlichen Abendessen und Veranstaltungen zur W\u00fcrdigung der lokalen Kultur, die Sie auf der Terrasse des Grand H\u00f4tel Thalasso & Spa genie\u00dfen k\u00f6nnen.","og_url":"https:\/\/luzgrandhotel.fr\/de\/ein-sommer-im-rhythmus-des-ozeans\/","og_site_name":"Luz Grand Hotel","article_publisher":"https:\/\/www.facebook.com\/luzgrandhotel\/","article_published_time":"2025-08-18T13:54:13+00:00","article_modified_time":"2026-09-04T13:35:37+00:00","og_image":[{"width":1249,"height":839,"url":"https:\/\/luzgrandhotel.fr\/wp-content\/uploads\/2025\/05\/ghl-programmation-ete-2025.jpg","type":"image\/jpeg"}],"author":"Canelle Castro","twitter_card":"summary_large_image","twitter_misc":{"Verfasst von":"Canelle Castro","Gesch\u00e4tzte Lesezeit":"3 Minuten"},"schema":{"@context":"https:\/\/schema.org","@graph":[{"@type":"Article","@id":"https:\/\/luzgrandhotel.fr\/de\/ein-sommer-im-rhythmus-des-ozeans\/#article","isPartOf":{"@id":"https:\/\/luzgrandhotel.fr\/de\/ein-sommer-im-rhythmus-des-ozeans\/"},"author":{"name":"Canelle Castro","@id":"https:\/\/luzgrandhotel.fr\/de\/#\/schema\/person\/a7f254e4bbc2b602a7ad397ef59dac62"},"headline":"Ein Sommer im Rhythmus des Ozeans","datePublished":"2025-08-18T13:54:13+00:00","dateModified":"2026-09-04T13:35:37+00:00","mainEntityOfPage":{"@id":"https:\/\/luzgrandhotel.fr\/de\/ein-sommer-im-rhythmus-des-ozeans\/"},"wordCount":547,"publisher":{"@id":"https:\/\/luzgrandhotel.fr\/de\/#organization"},"image":{"@id":"https:\/\/luzgrandhotel.fr\/de\/ein-sommer-im-rhythmus-des-ozeans\/#primaryimage"},"thumbnailUrl":"https:\/\/luzgrandhotel.fr\/wp-content\/uploads\/2025\/05\/ghl-programmation-ete-2025.jpg","articleSection":["Angebote &amp; Veranstaltungen"],"inLanguage":"de"},{"@type":"WebPage","@id":"https:\/\/luzgrandhotel.fr\/de\/ein-sommer-im-rhythmus-des-ozeans\/","url":"https:\/\/luzgrandhotel.fr\/de\/ein-sommer-im-rhythmus-des-ozeans\/","name":"Ein Sommer im Rhythmus des Ozeans - Luz Grand Hotel","isPartOf":{"@id":"https:\/\/luzgrandhotel.fr\/de\/#website"},"primaryImageOfPage":{"@id":"https:\/\/luzgrandhotel.fr\/de\/ein-sommer-im-rhythmus-des-ozeans\/#primaryimage"},"image":{"@id":"https:\/\/luzgrandhotel.fr\/de\/ein-sommer-im-rhythmus-des-ozeans\/#primaryimage"},"thumbnailUrl":"https:\/\/luzgrandhotel.fr\/wp-content\/uploads\/2025\/05\/ghl-programmation-ete-2025.jpg","datePublished":"2025-08-18T13:54:13+00:00","dateModified":"2026-09-04T13:35:37+00:00","breadcrumb":{"@id":"https:\/\/luzgrandhotel.fr\/de\/ein-sommer-im-rhythmus-des-ozeans\/#breadcrumb"},"inLanguage":"de","potentialAction":[{"@type":"ReadAction","target":["https:\/\/luzgrandhotel.fr\/de\/ein-sommer-im-rhythmus-des-ozeans\/"]}]},{"@type":"ImageObject","inLanguage":"de","@id":"https:\/\/luzgrandhotel.fr\/de\/ein-sommer-im-rhythmus-des-ozeans\/#primaryimage","url":"https:\/\/luzgrandhotel.fr\/wp-content\/uploads\/2025\/05\/ghl-programmation-ete-2025.jpg","contentUrl":"https:\/\/luzgrandhotel.fr\/wp-content\/uploads\/2025\/05\/ghl-programmation-ete-2025.jpg","width":1249,"height":839,"caption":"ghl-Sommerprogramm-2025"},{"@type":"BreadcrumbList","@id":"https:\/\/luzgrandhotel.fr\/de\/ein-sommer-im-rhythmus-des-ozeans\/#breadcrumb","itemListElement":[{"@type":"ListItem","position":1,"name":"Accueil","item":"https:\/\/luzgrandhotel.fr\/de\/startseite\/"},{"@type":"ListItem","position":2,"name":"Ein Sommer im Rhythmus des Ozeans"}]},{"@type":"WebSite","@id":"https:\/\/luzgrandhotel.fr\/de\/#website","url":"https:\/\/luzgrandhotel.fr\/de\/","name":"Luz Grand Hotel","description":"","publisher":{"@id":"https:\/\/luzgrandhotel.fr\/de\/#organization"},"potentialAction":[{"@type":"SearchAction","target":{"@type":"EntryPoint","urlTemplate":"https:\/\/luzgrandhotel.fr\/de\/?s={search_term_string}"},"query-input":{"@type":"PropertyValueSpecification","valueRequired":true,"valueName":"search_term_string"}}],"inLanguage":"de"},{"@type":"Organization","@id":"https:\/\/luzgrandhotel.fr\/de\/#organization","name":"Luz Grand Hotel","url":"https:\/\/luzgrandhotel.fr\/de\/","logo":{"@type":"ImageObject","inLanguage":"de","@id":"https:\/\/luzgrandhotel.fr\/de\/#\/schema\/logo\/image\/","url":"https:\/\/luzgrandhotel.fr\/wp-content\/uploads\/2025\/04\/logo-grand-hotel-luz.svg","contentUrl":"https:\/\/luzgrandhotel.fr\/wp-content\/uploads\/2025\/04\/logo-grand-hotel-luz.svg","caption":"Luz Grand Hotel"},"image":{"@id":"https:\/\/luzgrandhotel.fr\/de\/#\/schema\/logo\/image\/"},"sameAs":["https:\/\/www.facebook.com\/luzgrandhotel\/","https:\/\/www.instagram.com\/luzgrandhotel\/","https:\/\/www.linkedin.com\/company\/72327768\/admin\/dashboard\/"]},{"@type":"Person","@id":"https:\/\/luzgrandhotel.fr\/de\/#\/schema\/person\/a7f254e4bbc2b602a7ad397ef59dac62","name":"Canelle Castro","image":{"@type":"ImageObject","inLanguage":"de","@id":"https:\/\/secure.gravatar.com\/avatar\/004c25f87c5c49db93b68ca95ff2d411f8ac601856c68a5c309bd68e0ea73ab9?s=96&d=mm&r=g","url":"https:\/\/secure.gravatar.com\/avatar\/004c25f87c5c49db93b68ca95ff2d411f8ac601856c68a5c309bd68e0ea73ab9?s=96&d=mm&r=g","contentUrl":"https:\/\/secure.gravatar.com\/avatar\/004c25f87c5c49db93b68ca95ff2d411f8ac601856c68a5c309bd68e0ea73ab9?s=96&d=mm&r=g","caption":"Canelle Castro"}}]}},"_links":{"self":[{"href":"https:\/\/luzgrandhotel.fr\/de\/wp-json\/wp\/v2\/posts\/9226","targetHints":{"allow":["GET"]}}],"collection":[{"href":"https:\/\/luzgrandhotel.fr\/de\/wp-json\/wp\/v2\/posts"}],"about":[{"href":"https:\/\/luzgrandhotel.fr\/de\/wp-json\/wp\/v2\/types\/post"}],"author":[{"embeddable":true,"href":"https:\/\/luzgrandhotel.fr\/de\/wp-json\/wp\/v2\/users\/2"}],"replies":[{"embeddable":true,"href":"https:\/\/luzgrandhotel.fr\/de\/wp-json\/wp\/v2\/comments?post=9226"}],"version-history":[{"count":1,"href":"https:\/\/luzgrandhotel.fr\/de\/wp-json\/wp\/v2\/posts\/9226\/revisions"}],"predecessor-version":[{"id":9230,"href":"https:\/\/luzgrandhotel.fr\/de\/wp-json\/wp\/v2\/posts\/9226\/revisions\/9230"}],"wp:featuredmedia":[{"embeddable":true,"href":"https:\/\/luzgrandhotel.fr\/de\/wp-json\/wp\/v2\/media\/9227"}],"wp:attachment":[{"href":"https:\/\/luzgrandhotel.fr\/de\/wp-json\/wp\/v2\/media?parent=9226"}],"wp:term":[{"taxonomy":"category","embeddable":true,"href":"https:\/\/luzgrandhotel.fr\/de\/wp-json\/wp\/v2\/categories?post=9226"},{"taxonomy":"post_tag","embeddable":true,"href":"https:\/\/luzgrandhotel.fr\/de\/wp-json\/wp\/v2\/tags?post=9226"}],"curies":[{"name":"wp","href":"https:\/\/api.w.org\/{rel}","templated":true}]}}